{"id":954,"date":"2025-07-10T00:10:42","date_gmt":"2025-07-09T22:10:42","guid":{"rendered":"https:\/\/klemenb.bplaced.net\/01_SPDKOCNA\/?p=954"},"modified":"2025-07-10T00:10:42","modified_gmt":"2025-07-09T22:10:42","slug":"nika-rupnik-slo-2025-2","status":"publish","type":"post","link":"https:\/\/klemenb.bplaced.net\/01_SPDKOCNA\/de\/nika-rupnik-slo-2025-2\/","title":{"rendered":"Nika Rupnik (SLO-2025)"},"content":{"rendered":"<div id=\"attachment_923\" style=\"width: 1034px\" class=\"wp-caption aligncenter\"><img loading=\"lazy\" decoding=\"async\" aria-describedby=\"caption-attachment-923\" class=\"size-full wp-image-923\" src=\"https:\/\/klemenb.bplaced.net\/01_SPDKOCNA\/wp-content\/uploads\/2025\/07\/Sprehajamo-se_slika-1_Nika.jpg\" alt=\"\u00a9 Nika Rupnik\" width=\"1024\" height=\"1024\" srcset=\"https:\/\/klemenb.bplaced.net\/01_SPDKOCNA\/wp-content\/uploads\/2025\/07\/Sprehajamo-se_slika-1_Nika.jpg 1024w, https:\/\/klemenb.bplaced.net\/01_SPDKOCNA\/wp-content\/uploads\/2025\/07\/Sprehajamo-se_slika-1_Nika-300x300.jpg 300w, https:\/\/klemenb.bplaced.net\/01_SPDKOCNA\/wp-content\/uploads\/2025\/07\/Sprehajamo-se_slika-1_Nika-150x150.jpg 150w, https:\/\/klemenb.bplaced.net\/01_SPDKOCNA\/wp-content\/uploads\/2025\/07\/Sprehajamo-se_slika-1_Nika-768x768.jpg 768w\" sizes=\"auto, (max-width: 1024px) 100vw, 1024px\" \/><p id=\"caption-attachment-923\" class=\"wp-caption-text\">\u00a9 Nika Rupnik<\/p><\/div>\n<p>Die K\u00fcnstlerin schloss ihr Studium der Malerei an der Akademie f\u00fcr Bildende K\u00fcnste und Design in Ljubljana ab und vertiefte ihre Kennt- nisse auf dem Gebiet der Druckgrafik an der Winchester School of Art im Vereinigten K\u00f6nigreich. Seit 2017 ist sie als Malerin, B\u00fchnen- bildnerin, Illustratorin und Designerin im Kulturbereich selbstst\u00e4ndig t\u00e4tig. Sie hat ihre Arbeiten in mehreren Einzelausstellungen pr\u00e4sen- tiert sowie an zahlreichen Gruppenausstellungen im In- und Ausland teilgenommen. Nika Rupnik lebt und arbeitet in Ljubljana.<\/p>\n","protected":false},"excerpt":{"rendered":"<p>Die K\u00fcnstlerin schloss ihr Studium der Malerei an der Akademie f\u00fcr Bildende K\u00fcnste und Design in Ljubljana ab und vertiefte ihre Kennt- nisse auf dem Gebiet der Druckgrafik an der Winchester School of Art im Vereinigten K\u00f6nigreich. Seit 2017 ist sie als Malerin, B\u00fchnen- bildnerin, Illustratorin und Designerin im Kulturbereich selbstst\u00e4ndig t\u00e4tig. Sie hat ihre&#8230;<\/p>\n","protected":false},"author":1,"featured_media":0,"comment_status":"closed","ping_status":"open","sticky":false,"template":"","format":"standard","meta":{"footnotes":""},"categories":[132],"tags":[268,136],"class_list":["post-954","post","type-post","status-publish","format-standard","hentry","category-malerwoche","tag-43-malerwoche-2025","tag-kuenstler-in-der-malerwoche"],"_links":{"self":[{"href":"https:\/\/klemenb.bplaced.net\/01_SPDKOCNA\/wp-json\/wp\/v2\/posts\/954","targetHints":{"allow":["GET"]}}],"collection":[{"href":"https:\/\/klemenb.bplaced.net\/01_SPDKOCNA\/wp-json\/wp\/v2\/posts"}],"about":[{"href":"https:\/\/klemenb.bplaced.net\/01_SPDKOCNA\/wp-json\/wp\/v2\/types\/post"}],"author":[{"embeddable":true,"href":"https:\/\/klemenb.bplaced.net\/01_SPDKOCNA\/wp-json\/wp\/v2\/users\/1"}],"replies":[{"embeddable":true,"href":"https:\/\/klemenb.bplaced.net\/01_SPDKOCNA\/wp-json\/wp\/v2\/comments?post=954"}],"version-history":[{"count":1,"href":"https:\/\/klemenb.bplaced.net\/01_SPDKOCNA\/wp-json\/wp\/v2\/posts\/954\/revisions"}],"predecessor-version":[{"id":955,"href":"https:\/\/klemenb.bplaced.net\/01_SPDKOCNA\/wp-json\/wp\/v2\/posts\/954\/revisions\/955"}],"wp:attachment":[{"href":"https:\/\/klemenb.bplaced.net\/01_SPDKOCNA\/wp-json\/wp\/v2\/media?parent=954"}],"wp:term":[{"taxonomy":"category","embeddable":true,"href":"https:\/\/klemenb.bplaced.net\/01_SPDKOCNA\/wp-json\/wp\/v2\/categories?post=954"},{"taxonomy":"post_tag","embeddable":true,"href":"https:\/\/klemenb.bplaced.net\/01_SPDKOCNA\/wp-json\/wp\/v2\/tags?post=954"}],"curies":[{"name":"wp","href":"https:\/\/api.w.org\/{rel}","templated":true}]}}