{"id":950,"date":"2025-07-10T00:08:59","date_gmt":"2025-07-09T22:08:59","guid":{"rendered":"https:\/\/klemenb.bplaced.net\/01_SPDKOCNA\/?p=950"},"modified":"2025-07-10T00:08:59","modified_gmt":"2025-07-09T22:08:59","slug":"borut-popenko-slo-2025-2","status":"publish","type":"post","link":"https:\/\/klemenb.bplaced.net\/01_SPDKOCNA\/de\/borut-popenko-slo-2025-2\/","title":{"rendered":"Borut Popenko (SLO-2025)"},"content":{"rendered":"<div id=\"attachment_921\" style=\"width: 1710px\" class=\"wp-caption aligncenter\"><img loading=\"lazy\" decoding=\"async\" aria-describedby=\"caption-attachment-921\" class=\"size-full wp-image-921\" src=\"https:\/\/klemenb.bplaced.net\/01_SPDKOCNA\/wp-content\/uploads\/2025\/07\/Prepih-II-2020-akril-na-oblikovanem-platnu-135-x-140-cm-web.jpg\" alt=\"\u00a9 Borut Popenko\" width=\"1700\" height=\"1274\" srcset=\"https:\/\/klemenb.bplaced.net\/01_SPDKOCNA\/wp-content\/uploads\/2025\/07\/Prepih-II-2020-akril-na-oblikovanem-platnu-135-x-140-cm-web.jpg 1700w, https:\/\/klemenb.bplaced.net\/01_SPDKOCNA\/wp-content\/uploads\/2025\/07\/Prepih-II-2020-akril-na-oblikovanem-platnu-135-x-140-cm-web-300x225.jpg 300w, https:\/\/klemenb.bplaced.net\/01_SPDKOCNA\/wp-content\/uploads\/2025\/07\/Prepih-II-2020-akril-na-oblikovanem-platnu-135-x-140-cm-web-1024x767.jpg 1024w, https:\/\/klemenb.bplaced.net\/01_SPDKOCNA\/wp-content\/uploads\/2025\/07\/Prepih-II-2020-akril-na-oblikovanem-platnu-135-x-140-cm-web-768x576.jpg 768w, https:\/\/klemenb.bplaced.net\/01_SPDKOCNA\/wp-content\/uploads\/2025\/07\/Prepih-II-2020-akril-na-oblikovanem-platnu-135-x-140-cm-web-1536x1151.jpg 1536w\" sizes=\"auto, (max-width: 1700px) 100vw, 1700px\" \/><p id=\"caption-attachment-921\" class=\"wp-caption-text\">\u00a9 Borut Popenko<\/p><\/div>\n<p>Nach dem Studium der Kunstp\u00e4dagogik an der P\u00e4dagogischen Fakult\u00e4t in Maribor absolvierte er ein Studium der Malerei an der Hochschule f\u00fcr Kunst und Design in Halle sowie an der Akademie der Sch\u00f6nen K\u00fcnste in Athen und der Akademie der Sch\u00f6nen K\u00fcnste in Prag (2001). Er ist als freischaffender K\u00fcnstler im Bereich der Kultur t\u00e4tig. Das k\u00fcnstlerische Schaffen wird von zahlreichen Ausstellungen im In- und Ausland begleitet. Seine Werke befinden sich in privaten und \u00f6ffentlichen Sammlungen.<\/p>\n","protected":false},"excerpt":{"rendered":"<p>Nach dem Studium der Kunstp\u00e4dagogik an der P\u00e4dagogischen Fakult\u00e4t in Maribor absolvierte er ein Studium der Malerei an der Hochschule f\u00fcr Kunst und Design in Halle sowie an der Akademie der Sch\u00f6nen K\u00fcnste in Athen und der Akademie der Sch\u00f6nen K\u00fcnste in Prag (2001). Er ist als freischaffender K\u00fcnstler im Bereich der Kultur t\u00e4tig. Das&#8230;<\/p>\n","protected":false},"author":1,"featured_media":0,"comment_status":"closed","ping_status":"open","sticky":false,"template":"","format":"standard","meta":{"footnotes":""},"categories":[132],"tags":[268,136],"class_list":["post-950","post","type-post","status-publish","format-standard","hentry","category-malerwoche","tag-43-malerwoche-2025","tag-kuenstler-in-der-malerwoche"],"_links":{"self":[{"href":"https:\/\/klemenb.bplaced.net\/01_SPDKOCNA\/wp-json\/wp\/v2\/posts\/950","targetHints":{"allow":["GET"]}}],"collection":[{"href":"https:\/\/klemenb.bplaced.net\/01_SPDKOCNA\/wp-json\/wp\/v2\/posts"}],"about":[{"href":"https:\/\/klemenb.bplaced.net\/01_SPDKOCNA\/wp-json\/wp\/v2\/types\/post"}],"author":[{"embeddable":true,"href":"https:\/\/klemenb.bplaced.net\/01_SPDKOCNA\/wp-json\/wp\/v2\/users\/1"}],"replies":[{"embeddable":true,"href":"https:\/\/klemenb.bplaced.net\/01_SPDKOCNA\/wp-json\/wp\/v2\/comments?post=950"}],"version-history":[{"count":1,"href":"https:\/\/klemenb.bplaced.net\/01_SPDKOCNA\/wp-json\/wp\/v2\/posts\/950\/revisions"}],"predecessor-version":[{"id":951,"href":"https:\/\/klemenb.bplaced.net\/01_SPDKOCNA\/wp-json\/wp\/v2\/posts\/950\/revisions\/951"}],"wp:attachment":[{"href":"https:\/\/klemenb.bplaced.net\/01_SPDKOCNA\/wp-json\/wp\/v2\/media?parent=950"}],"wp:term":[{"taxonomy":"category","embeddable":true,"href":"https:\/\/klemenb.bplaced.net\/01_SPDKOCNA\/wp-json\/wp\/v2\/categories?post=950"},{"taxonomy":"post_tag","embeddable":true,"href":"https:\/\/klemenb.bplaced.net\/01_SPDKOCNA\/wp-json\/wp\/v2\/tags?post=950"}],"curies":[{"name":"wp","href":"https:\/\/api.w.org\/{rel}","templated":true}]}}