{"id":946,"date":"2025-07-10T00:07:54","date_gmt":"2025-07-09T22:07:54","guid":{"rendered":"https:\/\/klemenb.bplaced.net\/01_SPDKOCNA\/?p=946"},"modified":"2025-07-10T00:07:54","modified_gmt":"2025-07-09T22:07:54","slug":"gottfried-loiskandl-aut-2025-2","status":"publish","type":"post","link":"https:\/\/klemenb.bplaced.net\/01_SPDKOCNA\/de\/gottfried-loiskandl-aut-2025-2\/","title":{"rendered":"Gottfried Loiskandl (AUT-2025)"},"content":{"rendered":"<div id=\"attachment_919\" style=\"width: 2010px\" class=\"wp-caption aligncenter\"><img loading=\"lazy\" decoding=\"async\" aria-describedby=\"caption-attachment-919\" class=\"size-full wp-image-919\" src=\"https:\/\/klemenb.bplaced.net\/01_SPDKOCNA\/wp-content\/uploads\/2025\/07\/Loiskandl-Kopie-web.jpg\" alt=\"\u00a9 Gottfried Loiskandl\" width=\"2000\" height=\"1673\" srcset=\"https:\/\/klemenb.bplaced.net\/01_SPDKOCNA\/wp-content\/uploads\/2025\/07\/Loiskandl-Kopie-web.jpg 2000w, https:\/\/klemenb.bplaced.net\/01_SPDKOCNA\/wp-content\/uploads\/2025\/07\/Loiskandl-Kopie-web-300x251.jpg 300w, https:\/\/klemenb.bplaced.net\/01_SPDKOCNA\/wp-content\/uploads\/2025\/07\/Loiskandl-Kopie-web-1024x857.jpg 1024w, https:\/\/klemenb.bplaced.net\/01_SPDKOCNA\/wp-content\/uploads\/2025\/07\/Loiskandl-Kopie-web-768x642.jpg 768w, https:\/\/klemenb.bplaced.net\/01_SPDKOCNA\/wp-content\/uploads\/2025\/07\/Loiskandl-Kopie-web-1536x1285.jpg 1536w\" sizes=\"auto, (max-width: 2000px) 100vw, 2000px\" \/><p id=\"caption-attachment-919\" class=\"wp-caption-text\">\u00a9 Gottfried Loiskandl<\/p><\/div>\n<p>Meisterklasse f\u00fcr Bildhauerei bei Fritz Wotruba an der Akademie der Bildenden K\u00fcnste in Wien, Magister Artium, Universit\u00e4tsassistent bei Prof. G\u00f6schl am Institut f\u00fcr zeichnerische und malerische Dar- stellung an der TU Wien. Fast zweieinhalb Jahrzehnte Professor f\u00fcr bildnerisches Gestalten am Stiftsgymnasium St. Paul im Lavanttal. Seit 2015 nur noch freischaffender K\u00fcnstler. Er arbeitet in den Be- reichen Zeichnung, Malerei und Bildhauerei in Form von Objekten. Ausstellungen vorwiegend im Raum K\u00e4rnten und Wien, wo er lebt und arbeitet.<\/p>\n","protected":false},"excerpt":{"rendered":"<p>Meisterklasse f\u00fcr Bildhauerei bei Fritz Wotruba an der Akademie der Bildenden K\u00fcnste in Wien, Magister Artium, Universit\u00e4tsassistent bei Prof. G\u00f6schl am Institut f\u00fcr zeichnerische und malerische Dar- stellung an der TU Wien. Fast zweieinhalb Jahrzehnte Professor f\u00fcr bildnerisches Gestalten am Stiftsgymnasium St. Paul im Lavanttal. Seit 2015 nur noch freischaffender K\u00fcnstler. Er arbeitet in den&#8230;<\/p>\n","protected":false},"author":1,"featured_media":0,"comment_status":"closed","ping_status":"open","sticky":false,"template":"","format":"standard","meta":{"footnotes":""},"categories":[132],"tags":[268,136],"class_list":["post-946","post","type-post","status-publish","format-standard","hentry","category-malerwoche","tag-43-malerwoche-2025","tag-kuenstler-in-der-malerwoche"],"_links":{"self":[{"href":"https:\/\/klemenb.bplaced.net\/01_SPDKOCNA\/wp-json\/wp\/v2\/posts\/946","targetHints":{"allow":["GET"]}}],"collection":[{"href":"https:\/\/klemenb.bplaced.net\/01_SPDKOCNA\/wp-json\/wp\/v2\/posts"}],"about":[{"href":"https:\/\/klemenb.bplaced.net\/01_SPDKOCNA\/wp-json\/wp\/v2\/types\/post"}],"author":[{"embeddable":true,"href":"https:\/\/klemenb.bplaced.net\/01_SPDKOCNA\/wp-json\/wp\/v2\/users\/1"}],"replies":[{"embeddable":true,"href":"https:\/\/klemenb.bplaced.net\/01_SPDKOCNA\/wp-json\/wp\/v2\/comments?post=946"}],"version-history":[{"count":1,"href":"https:\/\/klemenb.bplaced.net\/01_SPDKOCNA\/wp-json\/wp\/v2\/posts\/946\/revisions"}],"predecessor-version":[{"id":947,"href":"https:\/\/klemenb.bplaced.net\/01_SPDKOCNA\/wp-json\/wp\/v2\/posts\/946\/revisions\/947"}],"wp:attachment":[{"href":"https:\/\/klemenb.bplaced.net\/01_SPDKOCNA\/wp-json\/wp\/v2\/media?parent=946"}],"wp:term":[{"taxonomy":"category","embeddable":true,"href":"https:\/\/klemenb.bplaced.net\/01_SPDKOCNA\/wp-json\/wp\/v2\/categories?post=946"},{"taxonomy":"post_tag","embeddable":true,"href":"https:\/\/klemenb.bplaced.net\/01_SPDKOCNA\/wp-json\/wp\/v2\/tags?post=946"}],"curies":[{"name":"wp","href":"https:\/\/api.w.org\/{rel}","templated":true}]}}