{"id":942,"date":"2025-07-10T00:06:36","date_gmt":"2025-07-09T22:06:36","guid":{"rendered":"https:\/\/klemenb.bplaced.net\/01_SPDKOCNA\/?p=942"},"modified":"2025-07-10T00:06:36","modified_gmt":"2025-07-09T22:06:36","slug":"rudolfine-p-rossmann-aut-2025-2","status":"publish","type":"post","link":"https:\/\/klemenb.bplaced.net\/01_SPDKOCNA\/de\/rudolfine-p-rossmann-aut-2025-2\/","title":{"rendered":"Rudolfine P. Rossmann (AUT-2025)"},"content":{"rendered":"<div id=\"attachment_917\" style=\"width: 1944px\" class=\"wp-caption aligncenter\"><img loading=\"lazy\" decoding=\"async\" aria-describedby=\"caption-attachment-917\" class=\"size-full wp-image-917\" src=\"https:\/\/klemenb.bplaced.net\/01_SPDKOCNA\/wp-content\/uploads\/2025\/07\/\u00a9Rossmann_malabar_K5_180-x-200cm-web.jpg\" alt=\"\u00a9 Rudolfine P. Rossmann\" width=\"1934\" height=\"1742\" srcset=\"https:\/\/klemenb.bplaced.net\/01_SPDKOCNA\/wp-content\/uploads\/2025\/07\/\u00a9Rossmann_malabar_K5_180-x-200cm-web.jpg 1934w, https:\/\/klemenb.bplaced.net\/01_SPDKOCNA\/wp-content\/uploads\/2025\/07\/\u00a9Rossmann_malabar_K5_180-x-200cm-web-300x270.jpg 300w, https:\/\/klemenb.bplaced.net\/01_SPDKOCNA\/wp-content\/uploads\/2025\/07\/\u00a9Rossmann_malabar_K5_180-x-200cm-web-1024x922.jpg 1024w, https:\/\/klemenb.bplaced.net\/01_SPDKOCNA\/wp-content\/uploads\/2025\/07\/\u00a9Rossmann_malabar_K5_180-x-200cm-web-768x692.jpg 768w, https:\/\/klemenb.bplaced.net\/01_SPDKOCNA\/wp-content\/uploads\/2025\/07\/\u00a9Rossmann_malabar_K5_180-x-200cm-web-1536x1384.jpg 1536w\" sizes=\"auto, (max-width: 1934px) 100vw, 1934px\" \/><p id=\"caption-attachment-917\" class=\"wp-caption-text\">\u00a9 Rudolfine P. Rossmann<\/p><\/div>\n<p>Studium der Malerei an der Hochschule f\u00fcr angewandte Kunst in Wien. Wiederholt Reisen nach S\u00fcdostasien. Arbeitsaufenthalte in New Mexico, Holland, Schweiz, Indien und ein zweij\u00e4hriger Aufenthalt in S\u00fcdchina sind pr\u00e4gend f\u00fcr ihr k\u00fcnstlerisches Schaffen. Die Auseinandersetzung mit diesen Kulturen, das Atmosph\u00e4rische, visuelle Wahrnehmungen, Bez\u00fcge zur Natur sind Ursprung ihrer lyrisch-abstrakten Farbr\u00e4ume. Ausstellungen in \u00d6sterreich, Belgien, Deutschland, Schweiz und China. Lebt und arbeitet derzeit in Wien.<\/p>\n","protected":false},"excerpt":{"rendered":"<p>Studium der Malerei an der Hochschule f\u00fcr angewandte Kunst in Wien. Wiederholt Reisen nach S\u00fcdostasien. Arbeitsaufenthalte in New Mexico, Holland, Schweiz, Indien und ein zweij\u00e4hriger Aufenthalt in S\u00fcdchina sind pr\u00e4gend f\u00fcr ihr k\u00fcnstlerisches Schaffen. Die Auseinandersetzung mit diesen Kulturen, das Atmosph\u00e4rische, visuelle Wahrnehmungen, Bez\u00fcge zur Natur sind Ursprung ihrer lyrisch-abstrakten Farbr\u00e4ume. Ausstellungen in \u00d6sterreich, Belgien,&#8230;<\/p>\n","protected":false},"author":1,"featured_media":0,"comment_status":"closed","ping_status":"open","sticky":false,"template":"","format":"standard","meta":{"footnotes":""},"categories":[132],"tags":[268,136],"class_list":["post-942","post","type-post","status-publish","format-standard","hentry","category-malerwoche","tag-43-malerwoche-2025","tag-kuenstler-in-der-malerwoche"],"_links":{"self":[{"href":"https:\/\/klemenb.bplaced.net\/01_SPDKOCNA\/wp-json\/wp\/v2\/posts\/942","targetHints":{"allow":["GET"]}}],"collection":[{"href":"https:\/\/klemenb.bplaced.net\/01_SPDKOCNA\/wp-json\/wp\/v2\/posts"}],"about":[{"href":"https:\/\/klemenb.bplaced.net\/01_SPDKOCNA\/wp-json\/wp\/v2\/types\/post"}],"author":[{"embeddable":true,"href":"https:\/\/klemenb.bplaced.net\/01_SPDKOCNA\/wp-json\/wp\/v2\/users\/1"}],"replies":[{"embeddable":true,"href":"https:\/\/klemenb.bplaced.net\/01_SPDKOCNA\/wp-json\/wp\/v2\/comments?post=942"}],"version-history":[{"count":1,"href":"https:\/\/klemenb.bplaced.net\/01_SPDKOCNA\/wp-json\/wp\/v2\/posts\/942\/revisions"}],"predecessor-version":[{"id":943,"href":"https:\/\/klemenb.bplaced.net\/01_SPDKOCNA\/wp-json\/wp\/v2\/posts\/942\/revisions\/943"}],"wp:attachment":[{"href":"https:\/\/klemenb.bplaced.net\/01_SPDKOCNA\/wp-json\/wp\/v2\/media?parent=942"}],"wp:term":[{"taxonomy":"category","embeddable":true,"href":"https:\/\/klemenb.bplaced.net\/01_SPDKOCNA\/wp-json\/wp\/v2\/categories?post=942"},{"taxonomy":"post_tag","embeddable":true,"href":"https:\/\/klemenb.bplaced.net\/01_SPDKOCNA\/wp-json\/wp\/v2\/tags?post=942"}],"curies":[{"name":"wp","href":"https:\/\/api.w.org\/{rel}","templated":true}]}}