{"id":92,"date":"2017-06-05T11:07:58","date_gmt":"2017-06-05T09:07:58","guid":{"rendered":"http:\/\/klemenb.bplaced.net\/01_SPDKOCNA\/?p=92"},"modified":"2019-07-09T07:22:23","modified_gmt":"2019-07-09T05:22:23","slug":"92-2","status":"publish","type":"post","link":"https:\/\/klemenb.bplaced.net\/01_SPDKOCNA\/92-2\/","title":{"rendered":"Sve\u010de"},"content":{"rendered":"<p><span style=\"color: #000000;\"><strong>Iz zgodovine vasi Sve\u010de (nem\u0161ko Suetschach)<\/strong><\/span><\/p>\n<p><span style=\"color: #000000;\">Sve\u010de &#8211; doma\u010dini pravijo Sve\u010din\u00b4 (znak \u00b4 stoji za polglasnik) &#8211; so gotovo \u017ee stara vas. Prvi\u010d se omenja naselje leta 1238: Zwenkah; 1239: in villa Zwenca. V imenu ti\u010di staroslovanski pridevnik svent &#8211; to je svet: Sve\u010de &#8211; Sve\u010din\u00b4 so naselje svetega, ali svet kraj. \u010ceprav je stari slovanski nosnik (nasal), ki je v \u017eivem jeziku izumrl \u017ee okoli leta 1000, je v zapisanih oblikah \u0161e dolgo ohranjen. Vas Sve\u010de le\u017ei sedaj sredi Ro\u017ea. V starih \u010dasih pa je bil Ro\u017e le sedanji Zgornji Ro\u017e: Ro\u017eek, \u0160t. Jakob in okolica do sve\u0161ke Suhe. Okolica dana\u0161njega Ro\u017eeka (Rosegg) se omenja v 9. stoletju kot \u201eRasa\u201c. V 12. stoletju se ime poetizira v vallis rosarum = dolina ro\u017e. Tu mislimo \u0161e dandanes na krofljice (= zvon\u010dke) in kurjice (= telohi), ki pa cvetijo vigredi tudi drugod v apnenastih podro\u010djih. Latinizirani naziv \u201eDolina ro\u017e\u201c pa so prestavili pozneje v nem\u0161ki jezik kot \u201eRosental\u201c, in v dobi romantike so ga prevedli spet nazaj v sloven\u0161\u010dino kot \u201eRo\u017eno dolino\u201c. Prvoten in najbolj pravilen pa je le naziv Ro\u017e, Ro\u017ea, v Ro\u017eu, prebivalci pa so Ro\u017e\u00e1ni.<\/span><\/p>\n<div id=\"attachment_94\" style=\"width: 360px\" class=\"wp-caption aligncenter\"><img loading=\"lazy\" decoding=\"async\" aria-describedby=\"caption-attachment-94\" class=\"size-full wp-image-94\" src=\"https:\/\/klemenb.bplaced.net\/01_SPDKOCNA\/wp-content\/uploads\/2017\/06\/sue1_gross.gif\" alt=\"\" width=\"350\" height=\"159\" \/><p id=\"caption-attachment-94\" class=\"wp-caption-text\">Sve\u010de &#8211; stara razglednica<\/p><\/div>\n<p><span style=\"color: #000000;\">Prva cerkvica v Sve\u010dah je nastala verjetno \u017ee v 13. stoletju kot podru\u017enica vetrinjskega samostana (Viktring) in je posve\u010dena svetemu Lambertu, katerega \u010de\u0161\u010denje so prinesli vetrinjski benediktinci v na\u0161e kraje. Samostojna fara so postale Sve\u010de \u0161ele leta 1737. Prej so bile odvisne od materne fare oz. prafare v Kapli v Ro\u017eu.Danes vodijo faro minoritski duhovniki, \u017eupni\u0161\u010de pa je njihov samostan, ki je posve\u010den sv. Hemi Kr\u0161ki. Zna\u010dilni \u010debulasti stolp je iz leta 1861. Sve\u010de so spadale do leta 1848 pod oblast humpr\u0161ke zemlji\u0161ke gosposke (Grundherrschaft Hollenburg). Do 1848 je name\u0161\u010dala gosposka po vaseh tako imenovane va\u0161ke sodnike (Ortsrichter), po letu 1848 pa so nastale ob\u010dine (Gemeinden). V Sve\u010dah so bili \u017eupani do 1896, nato pa so se preselili na sosednjo Bistrico (Feistritz im Rosental).<\/span><\/p>\n<div id=\"attachment_93\" style=\"width: 170px\" class=\"wp-caption aligncenter\"><img loading=\"lazy\" decoding=\"async\" aria-describedby=\"caption-attachment-93\" class=\"size-full wp-image-93\" src=\"https:\/\/klemenb.bplaced.net\/01_SPDKOCNA\/wp-content\/uploads\/2017\/06\/svece_bild1.gif\" alt=\"\" width=\"160\" height=\"235\" \/><p id=\"caption-attachment-93\" class=\"wp-caption-text\">Sve\u010de &#8211; Hans Staudacher &#8222;Mrzel veter tebe \u017eene&#8220; (1984)<\/p><\/div>\n<p><span style=\"color: #000000;\">Leta 1972 so na Koro\u0161kem zdru\u017eili ob\u010dine. V bistri\u0161ko ob\u010dino smo sprejeli najve\u010dji del nekdanje ob\u010dine Svetna vas &#8211; Weizelsdorf, tako da ima sedaj na\u0161a ob\u010dina okoli 2700 ob\u010danov, od teh pribli\u017eno 2000 volilnih upravi\u010dencev. Ob\u010dinski svet (Gemeinderat) je trenutno (2003) sestavljen takole: 11 SP\u00d6, 2 FP\u00d6, 3 \u00d6VP, 3 Slovenska volilna skupnost (VS; Wahlgemeinschaft, WS).<\/span><\/p>\n<p><span style=\"color: #000000;\">Ob\u010dina Bistrica v Ro\u017eu je dvojezi\u010dna, ljudska \u0161ola je dvojezi\u010dna, tudi ob\u010dinski otro\u0161ki vrtec vodi od leta 2000 naprej dvojezi\u010dno skupino. Sve\u010de so tudi \u017eupnija, ki se upravlja v obeh de\u017eelnih jezikih. Pod sve\u0161ko \u017eupnijo spadajo tele vasi in zaselki: Sve\u010de &#8211; Suetschach, Kaj\u017ee &#8211; Keuschach, Zgornje Kraje &#8211; Oberkrajach, Spodnje Kraje &#8211; Unterkrajach ali Muta &#8211; Maut, Ladine &#8211; Ladinach, Bistrica &#8211; Feistritz, Ma\u010de oz. Ma\u010din &#8211; Matschach, Sine &#8211; Sinach, Rute &#8211; B\u00e4rental, Polana, Sava &#8211; Sala (selo).<\/span><\/p>\n<p><span style=\"color: #000000;\">Pri ljudskem \u0161tetju leta 1890 so na\u0161teli v ob\u010dini Bistrica v Ro\u017eu 189 hi\u0161 in 1752 prebivalcev. Od teh je bilo 1682 slovensko govore\u010dih in le 61 nem\u0161ko govore\u010dih ob\u010danov. Danes (\u0161tevilke so iz leta 2002) \u017eivi v ob\u010dini Bistrica v Ro\u017eu okoli 2700 ljudi, od teh okoli 340 slovensko govore\u010dih.<\/span><\/p>\n<p><span style=\"color: #000000;\">V Sve\u010dah se nahaja od leta 1994 naprej tudi Muzej parkljev (Krampusmuseum; slovenskogovore\u010di doma\u010dini pravijo parkljem \u201eta grdi Miklav\u017ei\u201c), ki je prvi te vrste na Koro\u0161kem. Ogleda vredna je v Sve\u010dah tudi nekdanja kova\u010dnica (Dorfschmiede), ki je danes prav tako muzej kot nekdanje podstre\u0161je kova\u010dnice, ki je od leta 2002 naprej Muzej vrtnic(Rosenmuseum).<\/span><br \/>\n<strong><span style=\"color: #000000;\">Hi\u0161na &#8211; vulgarna imena v Sve\u010dah (izbor):<\/span><\/strong><\/p>\n<p><span style=\"color: #000000;\">Preglij, pri Pregliju: dom Einspielerjev; <\/span><br \/>\n<span style=\"color: #000000;\">Kura\u017e, pri Kura\u017eu (Erasmus, Erazem); <\/span><br \/>\n<span style=\"color: #000000;\">Ukele, pri Ukelnu (Lukas, Lukele), <\/span><br \/>\n<span style=\"color: #000000;\">Keznar, pri Keznarju &#8211; \u017ee podrto &#8211; (krznar); <\/span><br \/>\n<span style=\"color: #000000;\">Kocjan, pri Kocjanu (sv. Kancijan); <\/span><br \/>\n<span style=\"color: #000000;\">Jo\u0161t, pri Jo\u0161tu (sv. Jodokus); <\/span><br \/>\n<span style=\"color: #000000;\">Jo\u0161ti\u010d, pri Jo\u0161ti\u010du (Jodokus); <\/span><br \/>\n<span style=\"color: #000000;\">Mahar, pri Maharju (sv. Mohor); <\/span><br \/>\n<span style=\"color: #000000;\">Butij, pri Butiju (butij = smrdokavra, Wiedehopf); <\/span><br \/>\n<span style=\"color: #000000;\">Markuc, pri Markucu (sv. Marko); <\/span><br \/>\n<span style=\"color: #000000;\">Me\u017enar, pri Me\u017enarju (lat. mansionarius); <\/span><br \/>\n<span style=\"color: #000000;\">Vrbnik, pri Vrbniku &#8211; sedaj \u201eGalerija Gor\u0161e\u201c &#8211; (vrba); <\/span><br \/>\n<span style=\"color: #000000;\">Ha\u0161pir\u010d (Ga\u0161par, Ha\u0161par); <\/span><br \/>\n<span style=\"color: #000000;\">Kramar, pri Kramarju; <\/span><br \/>\n<span style=\"color: #000000;\">Kosem (sv. Kozem, Kosmas); <\/span><br \/>\n<span style=\"color: #000000;\">Vr\u0161i\u010d, pri Vr\u0161\u010du (vrh ali sv. Urh, Ulrich); <\/span><br \/>\n<span style=\"color: #000000;\">Hoisl (Matija, Matthias); <\/span><br \/>\n<span style=\"color: #000000;\">Mi\u0161elovc (sv. Mihael, \u0160mi\u0161ov); <\/span><br \/>\n<span style=\"color: #000000;\">Kaj\u017enik (kaj\u017ea); <\/span><br \/>\n<span style=\"color: #000000;\">Bvatin (sv. Valentin); <\/span><br \/>\n<span style=\"color: #000000;\">Vah, pri Vahu (Lah, iz La\u0161kega); <\/span><br \/>\n<span style=\"color: #000000;\">Vucar (Lurzer); <\/span><br \/>\n<span style=\"color: #000000;\">Sko\u010daj (poskakovati, \u201eSpringer\u201c, \u201eHipfl\u201c); <\/span><br \/>\n<span style=\"color: #000000;\">\u010cotelj (\u010dotati = \u0161epati, hinken); <\/span><br \/>\n<span style=\"color: #000000;\">Kova\u010d, Radar (= kolar), Pek idr.<\/span><\/p>\n<p><strong><span style=\"color: #000000;\">Nekaj zna\u010dilnih ledinskih imen:<\/span><\/strong><\/p>\n<p><span style=\"color: #000000;\">Prod, v Produ; Reber, pod Rebrjo; na Kvancu; v Lami; Pli\u0161, pod Pli\u0161am (= ple\u0161ast, ple\u0161a); Dobrava, na Dobrili; Je\u017ee, na Je\u017eah; na Razpotju; v Kotu; na Zdravju (je sedaj pod vodo v umetnem jezeru; na Za-Dravju = ker je bilo res za Dravo oz. Pri Dravi spodaj); na Ladini; v Se\u010dah &#8230;<\/span><\/p>\n<p><span style=\"color: #000000;\">Na ju\u017eni strani vasi so mogo\u010dne gore Karavank in predgorovje. Najvi\u0161ja gora je Stol (izgovorja se \u201eStov\u201c, nem\u0161ko Hochstuhl). Pred Stolom je Kozjak (Kossiak\/Gei\u00dfberg). Zapadno od Stola so Vajna\u017e (Wainasch), Ko\u010dna (Kotschna), Golica (Kahlkogel). Tik nad vasjo se dviga Ma\u010dinski vrh (Matschacher Gupf), vzhodno je Sinski vrh (nad Sinami = seno, Sinacher Gupf); proti vzhodu se razteguje \u017dingarica (Singerberg).<\/span><\/p>\n<div id=\"attachment_95\" style=\"width: 170px\" class=\"wp-caption aligncenter\"><img loading=\"lazy\" decoding=\"async\" aria-describedby=\"caption-attachment-95\" class=\"size-full wp-image-95\" src=\"https:\/\/klemenb.bplaced.net\/01_SPDKOCNA\/wp-content\/uploads\/2017\/06\/gora.gif\" alt=\"\" width=\"160\" height=\"120\" \/><p id=\"caption-attachment-95\" class=\"wp-caption-text\">Gora Ko\u010dna &#8211; stara razglednica<\/p><\/div>\n<p><span style=\"color: #000000;\">Na severni strani so Gure (ni\u017eje gore). Na Gurah le\u017ei naselje Bil\u010dovs (Ludmannsdorf) z vasicami Mo\u0161\u010denica (Moschenitzen), Bilnjovs (Fellersdorf), Pugrad, Potok (Bach), Velinja vas (Wellersdorf) idr.<\/span><\/p>\n<p><span style=\"color: #000000;\">Pod vasjo je tekla pred nedavnim reka Drava, ki pa je sedaj zajezena.<\/span><br \/>\n<span style=\"color: #000000;\">\u00a0<\/span><\/p>\n","protected":false},"excerpt":{"rendered":"<p>Iz zgodovine vasi Sve\u010de (nem\u0161ko Suetschach) Sve\u010de &#8211; doma\u010dini pravijo Sve\u010din\u00b4 (znak \u00b4 stoji za polglasnik) &#8211; so gotovo \u017ee stara vas. Prvi\u010d se omenja naselje leta 1238: Zwenkah; 1239: in villa Zwenca. V imenu ti\u010di staroslovanski pridevnik svent &#8211; to je svet: Sve\u010de &#8211; Sve\u010din\u00b4 so naselje svetega, ali svet kraj. \u010ceprav je stari&#8230;<\/p>\n","protected":false},"author":1,"featured_media":0,"comment_status":"closed","ping_status":"closed","sticky":false,"template":"","format":"standard","meta":{"footnotes":""},"categories":[3],"tags":[],"class_list":["post-92","post","type-post","status-publish","format-standard","hentry","category-svece"],"_links":{"self":[{"href":"https:\/\/klemenb.bplaced.net\/01_SPDKOCNA\/wp-json\/wp\/v2\/posts\/92","targetHints":{"allow":["GET"]}}],"collection":[{"href":"https:\/\/klemenb.bplaced.net\/01_SPDKOCNA\/wp-json\/wp\/v2\/posts"}],"about":[{"href":"https:\/\/klemenb.bplaced.net\/01_SPDKOCNA\/wp-json\/wp\/v2\/types\/post"}],"author":[{"embeddable":true,"href":"https:\/\/klemenb.bplaced.net\/01_SPDKOCNA\/wp-json\/wp\/v2\/users\/1"}],"replies":[{"embeddable":true,"href":"https:\/\/klemenb.bplaced.net\/01_SPDKOCNA\/wp-json\/wp\/v2\/comments?post=92"}],"version-history":[{"count":3,"href":"https:\/\/klemenb.bplaced.net\/01_SPDKOCNA\/wp-json\/wp\/v2\/posts\/92\/revisions"}],"predecessor-version":[{"id":100,"href":"https:\/\/klemenb.bplaced.net\/01_SPDKOCNA\/wp-json\/wp\/v2\/posts\/92\/revisions\/100"}],"wp:attachment":[{"href":"https:\/\/klemenb.bplaced.net\/01_SPDKOCNA\/wp-json\/wp\/v2\/media?parent=92"}],"wp:term":[{"taxonomy":"category","embeddable":true,"href":"https:\/\/klemenb.bplaced.net\/01_SPDKOCNA\/wp-json\/wp\/v2\/categories?post=92"},{"taxonomy":"post_tag","embeddable":true,"href":"https:\/\/klemenb.bplaced.net\/01_SPDKOCNA\/wp-json\/wp\/v2\/tags?post=92"}],"curies":[{"name":"wp","href":"https:\/\/api.w.org\/{rel}","templated":true}]}}