{"id":881,"date":"2024-07-06T12:19:44","date_gmt":"2024-07-06T10:19:44","guid":{"rendered":"https:\/\/klemenb.bplaced.net\/01_SPDKOCNA\/?p=881"},"modified":"2024-07-06T12:19:44","modified_gmt":"2024-07-06T10:19:44","slug":"jure-markota-slo-2024-2","status":"publish","type":"post","link":"https:\/\/klemenb.bplaced.net\/01_SPDKOCNA\/de\/jure-markota-slo-2024-2\/","title":{"rendered":"Jure Markota (SLO-2024)"},"content":{"rendered":"<div id=\"attachment_854\" style=\"width: 1717px\" class=\"wp-caption aligncenter\"><img loading=\"lazy\" decoding=\"async\" aria-describedby=\"caption-attachment-854\" class=\"size-full wp-image-854\" src=\"https:\/\/klemenb.bplaced.net\/01_SPDKOCNA\/wp-content\/uploads\/2024\/07\/Jure-Markota-scaled.jpg\" alt=\"\u00a9\u00a0Jure Markota\" width=\"1707\" height=\"2560\" srcset=\"https:\/\/klemenb.bplaced.net\/01_SPDKOCNA\/wp-content\/uploads\/2024\/07\/Jure-Markota-scaled.jpg 1707w, https:\/\/klemenb.bplaced.net\/01_SPDKOCNA\/wp-content\/uploads\/2024\/07\/Jure-Markota-200x300.jpg 200w, https:\/\/klemenb.bplaced.net\/01_SPDKOCNA\/wp-content\/uploads\/2024\/07\/Jure-Markota-683x1024.jpg 683w, https:\/\/klemenb.bplaced.net\/01_SPDKOCNA\/wp-content\/uploads\/2024\/07\/Jure-Markota-768x1152.jpg 768w, https:\/\/klemenb.bplaced.net\/01_SPDKOCNA\/wp-content\/uploads\/2024\/07\/Jure-Markota-1024x1536.jpg 1024w, https:\/\/klemenb.bplaced.net\/01_SPDKOCNA\/wp-content\/uploads\/2024\/07\/Jure-Markota-1365x2048.jpg 1365w\" sizes=\"auto, (max-width: 1707px) 100vw, 1707px\" \/><p id=\"caption-attachment-854\" class=\"wp-caption-text\">\u00a9 Jure Markota<\/p><\/div>\n<p>Geboren 1985 in Slovenj Gradec. Jure Markota studierte Bildhauerei an der Akademie f\u00fcr bildende K\u00fcnste und Design in Ljubljana. W\u00e4h- rend seines Studiums und danach arbeitete er als Assistent mit bedeu- tenden slowenischen K\u00fcnstlern. Neben der Bildhauerei besch\u00e4ftigt er sich auch mit anderen zeitgen\u00f6ssischen k\u00fcnstlerischen Gattungen. Er stellt im In- und Ausland aus und ist an internationalen Symposien, Wettbewerben und Videofestivals vertreten. Jure Markota lebt und arbeitet in K\u00e4rnten.<\/p>\n","protected":false},"excerpt":{"rendered":"<p>Geboren 1985 in Slovenj Gradec. Jure Markota studierte Bildhauerei an der Akademie f\u00fcr bildende K\u00fcnste und Design in Ljubljana. W\u00e4h- rend seines Studiums und danach arbeitete er als Assistent mit bedeu- tenden slowenischen K\u00fcnstlern. Neben der Bildhauerei besch\u00e4ftigt er sich auch mit anderen zeitgen\u00f6ssischen k\u00fcnstlerischen Gattungen. Er stellt im In- und Ausland aus und ist&#8230;<\/p>\n","protected":false},"author":1,"featured_media":0,"comment_status":"closed","ping_status":"open","sticky":false,"template":"","format":"standard","meta":{"footnotes":""},"categories":[132],"tags":[255,136],"class_list":["post-881","post","type-post","status-publish","format-standard","hentry","category-malerwoche","tag-42-malerwoche-2024","tag-kuenstler-in-der-malerwoche"],"_links":{"self":[{"href":"https:\/\/klemenb.bplaced.net\/01_SPDKOCNA\/wp-json\/wp\/v2\/posts\/881","targetHints":{"allow":["GET"]}}],"collection":[{"href":"https:\/\/klemenb.bplaced.net\/01_SPDKOCNA\/wp-json\/wp\/v2\/posts"}],"about":[{"href":"https:\/\/klemenb.bplaced.net\/01_SPDKOCNA\/wp-json\/wp\/v2\/types\/post"}],"author":[{"embeddable":true,"href":"https:\/\/klemenb.bplaced.net\/01_SPDKOCNA\/wp-json\/wp\/v2\/users\/1"}],"replies":[{"embeddable":true,"href":"https:\/\/klemenb.bplaced.net\/01_SPDKOCNA\/wp-json\/wp\/v2\/comments?post=881"}],"version-history":[{"count":1,"href":"https:\/\/klemenb.bplaced.net\/01_SPDKOCNA\/wp-json\/wp\/v2\/posts\/881\/revisions"}],"predecessor-version":[{"id":882,"href":"https:\/\/klemenb.bplaced.net\/01_SPDKOCNA\/wp-json\/wp\/v2\/posts\/881\/revisions\/882"}],"wp:attachment":[{"href":"https:\/\/klemenb.bplaced.net\/01_SPDKOCNA\/wp-json\/wp\/v2\/media?parent=881"}],"wp:term":[{"taxonomy":"category","embeddable":true,"href":"https:\/\/klemenb.bplaced.net\/01_SPDKOCNA\/wp-json\/wp\/v2\/categories?post=881"},{"taxonomy":"post_tag","embeddable":true,"href":"https:\/\/klemenb.bplaced.net\/01_SPDKOCNA\/wp-json\/wp\/v2\/tags?post=881"}],"curies":[{"name":"wp","href":"https:\/\/api.w.org\/{rel}","templated":true}]}}