{"id":879,"date":"2024-07-06T12:19:26","date_gmt":"2024-07-06T10:19:26","guid":{"rendered":"https:\/\/klemenb.bplaced.net\/01_SPDKOCNA\/?p=879"},"modified":"2024-07-06T12:19:26","modified_gmt":"2024-07-06T10:19:26","slug":"jure-markota-slo-2024","status":"publish","type":"post","link":"https:\/\/klemenb.bplaced.net\/01_SPDKOCNA\/jure-markota-slo-2024\/","title":{"rendered":"Jure Markota (SLO-2024)"},"content":{"rendered":"<div id=\"attachment_853\" style=\"width: 1717px\" class=\"wp-caption aligncenter\"><img loading=\"lazy\" decoding=\"async\" aria-describedby=\"caption-attachment-853\" class=\"size-full wp-image-853\" src=\"https:\/\/klemenb.bplaced.net\/01_SPDKOCNA\/wp-content\/uploads\/2024\/07\/Jure-Markota-scaled.jpg\" alt=\"\u00a9\u00a0Jure Markota\" width=\"1707\" height=\"2560\" srcset=\"https:\/\/klemenb.bplaced.net\/01_SPDKOCNA\/wp-content\/uploads\/2024\/07\/Jure-Markota-scaled.jpg 1707w, https:\/\/klemenb.bplaced.net\/01_SPDKOCNA\/wp-content\/uploads\/2024\/07\/Jure-Markota-200x300.jpg 200w, https:\/\/klemenb.bplaced.net\/01_SPDKOCNA\/wp-content\/uploads\/2024\/07\/Jure-Markota-683x1024.jpg 683w, https:\/\/klemenb.bplaced.net\/01_SPDKOCNA\/wp-content\/uploads\/2024\/07\/Jure-Markota-768x1152.jpg 768w, https:\/\/klemenb.bplaced.net\/01_SPDKOCNA\/wp-content\/uploads\/2024\/07\/Jure-Markota-1024x1536.jpg 1024w, https:\/\/klemenb.bplaced.net\/01_SPDKOCNA\/wp-content\/uploads\/2024\/07\/Jure-Markota-1365x2048.jpg 1365w\" sizes=\"auto, (max-width: 1707px) 100vw, 1707px\" \/><p id=\"caption-attachment-853\" class=\"wp-caption-text\">\u00a9 Jure Markota<\/p><\/div>\n<p>Rojen leta 1985 v Slovenj Gradcu. \u0160tudij: kiparstvo na Akademiji za likovno umetnost in oblikovanje v Ljubljani. Med \u0161tudijem in po njem je sodeloval kot asistent s priznanimi slovenskimi umetniki: Mirsadom Begi\u0107em, Alenom O\u017eboltom in Tobiasom Putrihom. Poleg kiparstva se ukvarja z drugimi sodobnimi umetni\u0161kimi praksami. Razstavlja doma in v tujini, sodeluje na mednarodnih simpozijih, nate\u010dajih in video festivalih. \u017divi in ustvarja na Koro\u0161kem.<\/p>\n","protected":false},"excerpt":{"rendered":"<p>Rojen leta 1985 v Slovenj Gradcu. \u0160tudij: kiparstvo na Akademiji za likovno umetnost in oblikovanje v Ljubljani. Med \u0161tudijem in po njem je sodeloval kot asistent s priznanimi slovenskimi umetniki: Mirsadom Begi\u0107em, Alenom O\u017eboltom in Tobiasom Putrihom. Poleg kiparstva se ukvarja z drugimi sodobnimi umetni\u0161kimi praksami. Razstavlja doma in v tujini, sodeluje na mednarodnih simpozijih,&#8230;<\/p>\n","protected":false},"author":1,"featured_media":0,"comment_status":"closed","ping_status":"open","sticky":false,"template":"","format":"standard","meta":{"footnotes":""},"categories":[130],"tags":[257,138],"class_list":["post-879","post","type-post","status-publish","format-standard","hentry","category-slikarski-teden","tag-42-slikarski-teden-2024","tag-umetnik-umetnica-slikarskega-tedna"],"_links":{"self":[{"href":"https:\/\/klemenb.bplaced.net\/01_SPDKOCNA\/wp-json\/wp\/v2\/posts\/879","targetHints":{"allow":["GET"]}}],"collection":[{"href":"https:\/\/klemenb.bplaced.net\/01_SPDKOCNA\/wp-json\/wp\/v2\/posts"}],"about":[{"href":"https:\/\/klemenb.bplaced.net\/01_SPDKOCNA\/wp-json\/wp\/v2\/types\/post"}],"author":[{"embeddable":true,"href":"https:\/\/klemenb.bplaced.net\/01_SPDKOCNA\/wp-json\/wp\/v2\/users\/1"}],"replies":[{"embeddable":true,"href":"https:\/\/klemenb.bplaced.net\/01_SPDKOCNA\/wp-json\/wp\/v2\/comments?post=879"}],"version-history":[{"count":1,"href":"https:\/\/klemenb.bplaced.net\/01_SPDKOCNA\/wp-json\/wp\/v2\/posts\/879\/revisions"}],"predecessor-version":[{"id":880,"href":"https:\/\/klemenb.bplaced.net\/01_SPDKOCNA\/wp-json\/wp\/v2\/posts\/879\/revisions\/880"}],"wp:attachment":[{"href":"https:\/\/klemenb.bplaced.net\/01_SPDKOCNA\/wp-json\/wp\/v2\/media?parent=879"}],"wp:term":[{"taxonomy":"category","embeddable":true,"href":"https:\/\/klemenb.bplaced.net\/01_SPDKOCNA\/wp-json\/wp\/v2\/categories?post=879"},{"taxonomy":"post_tag","embeddable":true,"href":"https:\/\/klemenb.bplaced.net\/01_SPDKOCNA\/wp-json\/wp\/v2\/tags?post=879"}],"curies":[{"name":"wp","href":"https:\/\/api.w.org\/{rel}","templated":true}]}}