{"id":877,"date":"2024-07-06T12:18:47","date_gmt":"2024-07-06T10:18:47","guid":{"rendered":"https:\/\/klemenb.bplaced.net\/01_SPDKOCNA\/?p=877"},"modified":"2024-07-06T12:18:47","modified_gmt":"2024-07-06T10:18:47","slug":"nina-celhar-slo-2024-2","status":"publish","type":"post","link":"https:\/\/klemenb.bplaced.net\/01_SPDKOCNA\/de\/nina-celhar-slo-2024-2\/","title":{"rendered":"Nina \u010celhar (SLO-2024)"},"content":{"rendered":"<div id=\"attachment_852\" style=\"width: 2570px\" class=\"wp-caption aligncenter\"><img loading=\"lazy\" decoding=\"async\" aria-describedby=\"caption-attachment-852\" class=\"size-full wp-image-852\" src=\"https:\/\/klemenb.bplaced.net\/01_SPDKOCNA\/wp-content\/uploads\/2024\/07\/NinaCelhar-scaled.jpg\" alt=\"\u00a9 Nina \u010celhar\" width=\"2560\" height=\"1923\" srcset=\"https:\/\/klemenb.bplaced.net\/01_SPDKOCNA\/wp-content\/uploads\/2024\/07\/NinaCelhar-scaled.jpg 2560w, https:\/\/klemenb.bplaced.net\/01_SPDKOCNA\/wp-content\/uploads\/2024\/07\/NinaCelhar-300x225.jpg 300w, https:\/\/klemenb.bplaced.net\/01_SPDKOCNA\/wp-content\/uploads\/2024\/07\/NinaCelhar-1024x769.jpg 1024w, https:\/\/klemenb.bplaced.net\/01_SPDKOCNA\/wp-content\/uploads\/2024\/07\/NinaCelhar-768x577.jpg 768w, https:\/\/klemenb.bplaced.net\/01_SPDKOCNA\/wp-content\/uploads\/2024\/07\/NinaCelhar-1536x1154.jpg 1536w, https:\/\/klemenb.bplaced.net\/01_SPDKOCNA\/wp-content\/uploads\/2024\/07\/NinaCelhar-2048x1539.jpg 2048w\" sizes=\"auto, (max-width: 2560px) 100vw, 2560px\" \/><p id=\"caption-attachment-852\" class=\"wp-caption-text\">\u00a9 Nina \u010celhar<\/p><\/div>\n<p>Geboren 1990. Studium der Malerei an der Akademie f\u00fcr bildende K\u00fcnste und Design in Ljubljana, wo sie den Preis der Akademie f\u00fcr besondere akademische Leistungen erhielt. Sie verbrachte ein Jahr an der Hochschule f\u00fcr Grafik und Buchkunst in Leipzig. Ihre Arbeiten pr\u00e4sentiert sie regelm\u00e4\u00dfig in Einzel- und Gruppenausstellungen im In- und Ausland. Sie hat zahlreiche Auszeichnungen erhalten, darunter die Essl Collector\u2018s Invitation sowie die prestigereiche Jakopi\u010d-Anerkennung, benannt nach dem bedeutenden slowenischen K\u00fcnstler Jakopi\u010d. Nina \u010celhar lebt und arbeitet in Ljubljana.<\/p>\n","protected":false},"excerpt":{"rendered":"<p>Geboren 1990. Studium der Malerei an der Akademie f\u00fcr bildende K\u00fcnste und Design in Ljubljana, wo sie den Preis der Akademie f\u00fcr besondere akademische Leistungen erhielt. Sie verbrachte ein Jahr an der Hochschule f\u00fcr Grafik und Buchkunst in Leipzig. Ihre Arbeiten pr\u00e4sentiert sie regelm\u00e4\u00dfig in Einzel- und Gruppenausstellungen im In- und Ausland. Sie hat zahlreiche&#8230;<\/p>\n","protected":false},"author":1,"featured_media":0,"comment_status":"closed","ping_status":"open","sticky":false,"template":"","format":"standard","meta":{"footnotes":""},"categories":[132],"tags":[255,136],"class_list":["post-877","post","type-post","status-publish","format-standard","hentry","category-malerwoche","tag-42-malerwoche-2024","tag-kuenstler-in-der-malerwoche"],"_links":{"self":[{"href":"https:\/\/klemenb.bplaced.net\/01_SPDKOCNA\/wp-json\/wp\/v2\/posts\/877","targetHints":{"allow":["GET"]}}],"collection":[{"href":"https:\/\/klemenb.bplaced.net\/01_SPDKOCNA\/wp-json\/wp\/v2\/posts"}],"about":[{"href":"https:\/\/klemenb.bplaced.net\/01_SPDKOCNA\/wp-json\/wp\/v2\/types\/post"}],"author":[{"embeddable":true,"href":"https:\/\/klemenb.bplaced.net\/01_SPDKOCNA\/wp-json\/wp\/v2\/users\/1"}],"replies":[{"embeddable":true,"href":"https:\/\/klemenb.bplaced.net\/01_SPDKOCNA\/wp-json\/wp\/v2\/comments?post=877"}],"version-history":[{"count":1,"href":"https:\/\/klemenb.bplaced.net\/01_SPDKOCNA\/wp-json\/wp\/v2\/posts\/877\/revisions"}],"predecessor-version":[{"id":878,"href":"https:\/\/klemenb.bplaced.net\/01_SPDKOCNA\/wp-json\/wp\/v2\/posts\/877\/revisions\/878"}],"wp:attachment":[{"href":"https:\/\/klemenb.bplaced.net\/01_SPDKOCNA\/wp-json\/wp\/v2\/media?parent=877"}],"wp:term":[{"taxonomy":"category","embeddable":true,"href":"https:\/\/klemenb.bplaced.net\/01_SPDKOCNA\/wp-json\/wp\/v2\/categories?post=877"},{"taxonomy":"post_tag","embeddable":true,"href":"https:\/\/klemenb.bplaced.net\/01_SPDKOCNA\/wp-json\/wp\/v2\/tags?post=877"}],"curies":[{"name":"wp","href":"https:\/\/api.w.org\/{rel}","templated":true}]}}