{"id":875,"date":"2024-07-06T12:18:15","date_gmt":"2024-07-06T10:18:15","guid":{"rendered":"https:\/\/klemenb.bplaced.net\/01_SPDKOCNA\/?p=875"},"modified":"2024-07-06T12:18:15","modified_gmt":"2024-07-06T10:18:15","slug":"nina-celhar-slo-2024","status":"publish","type":"post","link":"https:\/\/klemenb.bplaced.net\/01_SPDKOCNA\/nina-celhar-slo-2024\/","title":{"rendered":"Nina \u010celhar (SLO-2024)"},"content":{"rendered":"<div id=\"attachment_851\" style=\"width: 2570px\" class=\"wp-caption aligncenter\"><img loading=\"lazy\" decoding=\"async\" aria-describedby=\"caption-attachment-851\" class=\"size-full wp-image-851\" src=\"https:\/\/klemenb.bplaced.net\/01_SPDKOCNA\/wp-content\/uploads\/2024\/07\/NinaCelhar-scaled.jpg\" alt=\"\u00a9 Nina \u010celhar\" width=\"2560\" height=\"1923\" srcset=\"https:\/\/klemenb.bplaced.net\/01_SPDKOCNA\/wp-content\/uploads\/2024\/07\/NinaCelhar-scaled.jpg 2560w, https:\/\/klemenb.bplaced.net\/01_SPDKOCNA\/wp-content\/uploads\/2024\/07\/NinaCelhar-300x225.jpg 300w, https:\/\/klemenb.bplaced.net\/01_SPDKOCNA\/wp-content\/uploads\/2024\/07\/NinaCelhar-1024x769.jpg 1024w, https:\/\/klemenb.bplaced.net\/01_SPDKOCNA\/wp-content\/uploads\/2024\/07\/NinaCelhar-768x577.jpg 768w, https:\/\/klemenb.bplaced.net\/01_SPDKOCNA\/wp-content\/uploads\/2024\/07\/NinaCelhar-1536x1154.jpg 1536w, https:\/\/klemenb.bplaced.net\/01_SPDKOCNA\/wp-content\/uploads\/2024\/07\/NinaCelhar-2048x1539.jpg 2048w\" sizes=\"auto, (max-width: 2560px) 100vw, 2560px\" \/><p id=\"caption-attachment-851\" class=\"wp-caption-text\">\u00a9 Nina \u010celhar<\/p><\/div>\n<p>Rojena 1990. \u0160tudij: kon\u010dala je dodiplomski in podiplomski \u0161tudij slikarstva na Akademiji za likovno umetnost in oblikovanje v Ljubljani, kjer je prejela nagrado Akademije za posebne \u0161tudijske dose\u017eke. Eno leto je svoje znanje izpopolnjevala na Visoki \u0161oli za grafiko in knji\u017eno umetnost v Leipzigu. Svoja dela redno predstavlja na samostojnih in skupinskih razstavah doma in v tujini. Prejela je \u0161tevilne nagrade, med drugim Essl Collector\u2018s Invitation in laskavo Jakopi\u010devo priznanje. \u017divi in dela v Ljubljani.<\/p>\n","protected":false},"excerpt":{"rendered":"<p>Rojena 1990. \u0160tudij: kon\u010dala je dodiplomski in podiplomski \u0161tudij slikarstva na Akademiji za likovno umetnost in oblikovanje v Ljubljani, kjer je prejela nagrado Akademije za posebne \u0161tudijske dose\u017eke. Eno leto je svoje znanje izpopolnjevala na Visoki \u0161oli za grafiko in knji\u017eno umetnost v Leipzigu. Svoja dela redno predstavlja na samostojnih in skupinskih razstavah doma in&#8230;<\/p>\n","protected":false},"author":1,"featured_media":0,"comment_status":"closed","ping_status":"open","sticky":false,"template":"","format":"standard","meta":{"footnotes":""},"categories":[130],"tags":[257,138],"class_list":["post-875","post","type-post","status-publish","format-standard","hentry","category-slikarski-teden","tag-42-slikarski-teden-2024","tag-umetnik-umetnica-slikarskega-tedna"],"_links":{"self":[{"href":"https:\/\/klemenb.bplaced.net\/01_SPDKOCNA\/wp-json\/wp\/v2\/posts\/875","targetHints":{"allow":["GET"]}}],"collection":[{"href":"https:\/\/klemenb.bplaced.net\/01_SPDKOCNA\/wp-json\/wp\/v2\/posts"}],"about":[{"href":"https:\/\/klemenb.bplaced.net\/01_SPDKOCNA\/wp-json\/wp\/v2\/types\/post"}],"author":[{"embeddable":true,"href":"https:\/\/klemenb.bplaced.net\/01_SPDKOCNA\/wp-json\/wp\/v2\/users\/1"}],"replies":[{"embeddable":true,"href":"https:\/\/klemenb.bplaced.net\/01_SPDKOCNA\/wp-json\/wp\/v2\/comments?post=875"}],"version-history":[{"count":1,"href":"https:\/\/klemenb.bplaced.net\/01_SPDKOCNA\/wp-json\/wp\/v2\/posts\/875\/revisions"}],"predecessor-version":[{"id":876,"href":"https:\/\/klemenb.bplaced.net\/01_SPDKOCNA\/wp-json\/wp\/v2\/posts\/875\/revisions\/876"}],"wp:attachment":[{"href":"https:\/\/klemenb.bplaced.net\/01_SPDKOCNA\/wp-json\/wp\/v2\/media?parent=875"}],"wp:term":[{"taxonomy":"category","embeddable":true,"href":"https:\/\/klemenb.bplaced.net\/01_SPDKOCNA\/wp-json\/wp\/v2\/categories?post=875"},{"taxonomy":"post_tag","embeddable":true,"href":"https:\/\/klemenb.bplaced.net\/01_SPDKOCNA\/wp-json\/wp\/v2\/tags?post=875"}],"curies":[{"name":"wp","href":"https:\/\/api.w.org\/{rel}","templated":true}]}}