{"id":865,"date":"2024-07-06T12:03:06","date_gmt":"2024-07-06T10:03:06","guid":{"rendered":"https:\/\/klemenb.bplaced.net\/01_SPDKOCNA\/?p=865"},"modified":"2024-07-06T12:13:41","modified_gmt":"2024-07-06T10:13:41","slug":"isolde-baumhackl-oswald-aut-2024-2","status":"publish","type":"post","link":"https:\/\/klemenb.bplaced.net\/01_SPDKOCNA\/de\/isolde-baumhackl-oswald-aut-2024-2\/","title":{"rendered":"Isolde Baumhackl-Oswald (AUT-2024)"},"content":{"rendered":"<div id=\"attachment_846\" style=\"width: 2570px\" class=\"wp-caption aligncenter\"><img loading=\"lazy\" decoding=\"async\" aria-describedby=\"caption-attachment-846\" class=\"size-full wp-image-846\" src=\"https:\/\/klemenb.bplaced.net\/01_SPDKOCNA\/wp-content\/uploads\/2024\/07\/Isolde0050b-scaled.jpg\" alt=\"\u00a9 Isolde Baumhackl-Oswald\" width=\"2560\" height=\"1707\" srcset=\"https:\/\/klemenb.bplaced.net\/01_SPDKOCNA\/wp-content\/uploads\/2024\/07\/Isolde0050b-scaled.jpg 2560w, https:\/\/klemenb.bplaced.net\/01_SPDKOCNA\/wp-content\/uploads\/2024\/07\/Isolde0050b-300x200.jpg 300w, https:\/\/klemenb.bplaced.net\/01_SPDKOCNA\/wp-content\/uploads\/2024\/07\/Isolde0050b-1024x683.jpg 1024w, https:\/\/klemenb.bplaced.net\/01_SPDKOCNA\/wp-content\/uploads\/2024\/07\/Isolde0050b-768x512.jpg 768w, https:\/\/klemenb.bplaced.net\/01_SPDKOCNA\/wp-content\/uploads\/2024\/07\/Isolde0050b-1536x1024.jpg 1536w, https:\/\/klemenb.bplaced.net\/01_SPDKOCNA\/wp-content\/uploads\/2024\/07\/Isolde0050b-2048x1365.jpg 2048w\" sizes=\"auto, (max-width: 2560px) 100vw, 2560px\" \/><p id=\"caption-attachment-846\" class=\"wp-caption-text\">\u00a9 Isolde Baumhackl-Oswald<\/p><\/div>\n<p>Geboren 1949 in Pforzheim, Deutschland. Studium an der Fachhochschule in Pforzheim in Schmuckgestaltung bei Reinhold Relling (Staatsexamen als Diplomdesignerin). Das Arbeiten mit Konzepten an der Schnittstelle von Kunst und Handwerk sowie das Experimentieren mit dem Material ist ihre Charakteristik. Isolde Baumhackl-Oswald arbeitet als freischaffende K\u00fcnstlerin in K\u00e4rnten. Zahlreiche Preise und Auszeichnungen w\u00fcrdigen ihre Arbeit. Mit ihren Werken ist sie in namhaften \u00f6ffentlichen und privaten Sammlungen vertreten.<\/p>\n","protected":false},"excerpt":{"rendered":"<p>Geboren 1949 in Pforzheim, Deutschland. Studium an der Fachhochschule in Pforzheim in Schmuckgestaltung bei Reinhold Relling (Staatsexamen als Diplomdesignerin). Das Arbeiten mit Konzepten an der Schnittstelle von Kunst und Handwerk sowie das Experimentieren mit dem Material ist ihre Charakteristik. Isolde Baumhackl-Oswald arbeitet als freischaffende K\u00fcnstlerin in K\u00e4rnten. Zahlreiche Preise und Auszeichnungen w\u00fcrdigen ihre Arbeit. Mit&#8230;<\/p>\n","protected":false},"author":1,"featured_media":0,"comment_status":"closed","ping_status":"open","sticky":false,"template":"","format":"standard","meta":{"footnotes":""},"categories":[132],"tags":[255,136],"class_list":["post-865","post","type-post","status-publish","format-standard","hentry","category-malerwoche","tag-42-malerwoche-2024","tag-kuenstler-in-der-malerwoche"],"_links":{"self":[{"href":"https:\/\/klemenb.bplaced.net\/01_SPDKOCNA\/wp-json\/wp\/v2\/posts\/865","targetHints":{"allow":["GET"]}}],"collection":[{"href":"https:\/\/klemenb.bplaced.net\/01_SPDKOCNA\/wp-json\/wp\/v2\/posts"}],"about":[{"href":"https:\/\/klemenb.bplaced.net\/01_SPDKOCNA\/wp-json\/wp\/v2\/types\/post"}],"author":[{"embeddable":true,"href":"https:\/\/klemenb.bplaced.net\/01_SPDKOCNA\/wp-json\/wp\/v2\/users\/1"}],"replies":[{"embeddable":true,"href":"https:\/\/klemenb.bplaced.net\/01_SPDKOCNA\/wp-json\/wp\/v2\/comments?post=865"}],"version-history":[{"count":2,"href":"https:\/\/klemenb.bplaced.net\/01_SPDKOCNA\/wp-json\/wp\/v2\/posts\/865\/revisions"}],"predecessor-version":[{"id":867,"href":"https:\/\/klemenb.bplaced.net\/01_SPDKOCNA\/wp-json\/wp\/v2\/posts\/865\/revisions\/867"}],"wp:attachment":[{"href":"https:\/\/klemenb.bplaced.net\/01_SPDKOCNA\/wp-json\/wp\/v2\/media?parent=865"}],"wp:term":[{"taxonomy":"category","embeddable":true,"href":"https:\/\/klemenb.bplaced.net\/01_SPDKOCNA\/wp-json\/wp\/v2\/categories?post=865"},{"taxonomy":"post_tag","embeddable":true,"href":"https:\/\/klemenb.bplaced.net\/01_SPDKOCNA\/wp-json\/wp\/v2\/tags?post=865"}],"curies":[{"name":"wp","href":"https:\/\/api.w.org\/{rel}","templated":true}]}}