{"id":863,"date":"2024-07-06T12:02:13","date_gmt":"2024-07-06T10:02:13","guid":{"rendered":"https:\/\/klemenb.bplaced.net\/01_SPDKOCNA\/?p=863"},"modified":"2024-07-06T12:13:52","modified_gmt":"2024-07-06T10:13:52","slug":"isolde-baumhackl-oswald-aut-2024","status":"publish","type":"post","link":"https:\/\/klemenb.bplaced.net\/01_SPDKOCNA\/isolde-baumhackl-oswald-aut-2024\/","title":{"rendered":"Isolde Baumhackl-Oswald (AUT-2024)"},"content":{"rendered":"<div id=\"attachment_845\" style=\"width: 2570px\" class=\"wp-caption aligncenter\"><img loading=\"lazy\" decoding=\"async\" aria-describedby=\"caption-attachment-845\" class=\"size-full wp-image-845\" src=\"https:\/\/klemenb.bplaced.net\/01_SPDKOCNA\/wp-content\/uploads\/2024\/07\/Isolde0050b-scaled.jpg\" alt=\"\u00a9 Isolde Baumhackl-Oswald\" width=\"2560\" height=\"1707\" srcset=\"https:\/\/klemenb.bplaced.net\/01_SPDKOCNA\/wp-content\/uploads\/2024\/07\/Isolde0050b-scaled.jpg 2560w, https:\/\/klemenb.bplaced.net\/01_SPDKOCNA\/wp-content\/uploads\/2024\/07\/Isolde0050b-300x200.jpg 300w, https:\/\/klemenb.bplaced.net\/01_SPDKOCNA\/wp-content\/uploads\/2024\/07\/Isolde0050b-1024x683.jpg 1024w, https:\/\/klemenb.bplaced.net\/01_SPDKOCNA\/wp-content\/uploads\/2024\/07\/Isolde0050b-768x512.jpg 768w, https:\/\/klemenb.bplaced.net\/01_SPDKOCNA\/wp-content\/uploads\/2024\/07\/Isolde0050b-1536x1024.jpg 1536w, https:\/\/klemenb.bplaced.net\/01_SPDKOCNA\/wp-content\/uploads\/2024\/07\/Isolde0050b-2048x1365.jpg 2048w\" sizes=\"auto, (max-width: 2560px) 100vw, 2560px\" \/><p id=\"caption-attachment-845\" class=\"wp-caption-text\">\u00a9 Isolde Baumhackl-Oswald<\/p><\/div>\n<p>Rojena leta 1949 v Pforzheimu v Nem\u010diji. \u0160tudij: oblikovanje v Pforzheimu na Visoki \u0161oli pri Reinholdu Rellingu, ki ga je zaklju\u010dila z dr\u017eavnim izpitom. Ukvarja se s koncepti na meji med umetnostjo in obrtjo in eksperimentira z materiali. Pri ustvarjanju nakita je vidna mo\u010dna afiniteta do kiparstva in tridimenzionalnosti. Njena dela so zastopana v priznanih javnih in zasebnih zbirkah. Prejela je \u0161tevilne nagrade in priznanja. Ustvarja kot svobodna umetnica na Koro\u0161kem.<\/p>\n","protected":false},"excerpt":{"rendered":"<p>Rojena leta 1949 v Pforzheimu v Nem\u010diji. \u0160tudij: oblikovanje v Pforzheimu na Visoki \u0161oli pri Reinholdu Rellingu, ki ga je zaklju\u010dila z dr\u017eavnim izpitom. Ukvarja se s koncepti na meji med umetnostjo in obrtjo in eksperimentira z materiali. Pri ustvarjanju nakita je vidna mo\u010dna afiniteta do kiparstva in tridimenzionalnosti. Njena dela so zastopana v priznanih&#8230;<\/p>\n","protected":false},"author":1,"featured_media":0,"comment_status":"closed","ping_status":"open","sticky":false,"template":"","format":"standard","meta":{"footnotes":""},"categories":[130],"tags":[257,138],"class_list":["post-863","post","type-post","status-publish","format-standard","hentry","category-slikarski-teden","tag-42-slikarski-teden-2024","tag-umetnik-umetnica-slikarskega-tedna"],"_links":{"self":[{"href":"https:\/\/klemenb.bplaced.net\/01_SPDKOCNA\/wp-json\/wp\/v2\/posts\/863","targetHints":{"allow":["GET"]}}],"collection":[{"href":"https:\/\/klemenb.bplaced.net\/01_SPDKOCNA\/wp-json\/wp\/v2\/posts"}],"about":[{"href":"https:\/\/klemenb.bplaced.net\/01_SPDKOCNA\/wp-json\/wp\/v2\/types\/post"}],"author":[{"embeddable":true,"href":"https:\/\/klemenb.bplaced.net\/01_SPDKOCNA\/wp-json\/wp\/v2\/users\/1"}],"replies":[{"embeddable":true,"href":"https:\/\/klemenb.bplaced.net\/01_SPDKOCNA\/wp-json\/wp\/v2\/comments?post=863"}],"version-history":[{"count":1,"href":"https:\/\/klemenb.bplaced.net\/01_SPDKOCNA\/wp-json\/wp\/v2\/posts\/863\/revisions"}],"predecessor-version":[{"id":864,"href":"https:\/\/klemenb.bplaced.net\/01_SPDKOCNA\/wp-json\/wp\/v2\/posts\/863\/revisions\/864"}],"wp:attachment":[{"href":"https:\/\/klemenb.bplaced.net\/01_SPDKOCNA\/wp-json\/wp\/v2\/media?parent=863"}],"wp:term":[{"taxonomy":"category","embeddable":true,"href":"https:\/\/klemenb.bplaced.net\/01_SPDKOCNA\/wp-json\/wp\/v2\/categories?post=863"},{"taxonomy":"post_tag","embeddable":true,"href":"https:\/\/klemenb.bplaced.net\/01_SPDKOCNA\/wp-json\/wp\/v2\/tags?post=863"}],"curies":[{"name":"wp","href":"https:\/\/api.w.org\/{rel}","templated":true}]}}