{"id":859,"date":"2024-07-06T12:00:17","date_gmt":"2024-07-06T10:00:17","guid":{"rendered":"https:\/\/klemenb.bplaced.net\/01_SPDKOCNA\/?p=859"},"modified":"2024-07-06T12:13:59","modified_gmt":"2024-07-06T10:13:59","slug":"anna-schmedding-aut-2024-2","status":"publish","type":"post","link":"https:\/\/klemenb.bplaced.net\/01_SPDKOCNA\/de\/anna-schmedding-aut-2024-2\/","title":{"rendered":"Anna Schmedding (AUT-2024)"},"content":{"rendered":"<div id=\"attachment_842\" style=\"width: 2075px\" class=\"wp-caption aligncenter\"><img loading=\"lazy\" decoding=\"async\" aria-describedby=\"caption-attachment-842\" class=\"size-full wp-image-842\" src=\"https:\/\/klemenb.bplaced.net\/01_SPDKOCNA\/wp-content\/uploads\/2024\/07\/AS_Einladung_Malerwoche24-scaled.jpeg\" alt=\"\u00a9 Anna Schmedding\" width=\"2065\" height=\"2560\" srcset=\"https:\/\/klemenb.bplaced.net\/01_SPDKOCNA\/wp-content\/uploads\/2024\/07\/AS_Einladung_Malerwoche24-scaled.jpeg 2065w, https:\/\/klemenb.bplaced.net\/01_SPDKOCNA\/wp-content\/uploads\/2024\/07\/AS_Einladung_Malerwoche24-242x300.jpeg 242w, https:\/\/klemenb.bplaced.net\/01_SPDKOCNA\/wp-content\/uploads\/2024\/07\/AS_Einladung_Malerwoche24-826x1024.jpeg 826w, https:\/\/klemenb.bplaced.net\/01_SPDKOCNA\/wp-content\/uploads\/2024\/07\/AS_Einladung_Malerwoche24-768x952.jpeg 768w, https:\/\/klemenb.bplaced.net\/01_SPDKOCNA\/wp-content\/uploads\/2024\/07\/AS_Einladung_Malerwoche24-1239x1536.jpeg 1239w, https:\/\/klemenb.bplaced.net\/01_SPDKOCNA\/wp-content\/uploads\/2024\/07\/AS_Einladung_Malerwoche24-1652x2048.jpeg 1652w\" sizes=\"auto, (max-width: 2065px) 100vw, 2065px\" \/><p id=\"caption-attachment-842\" class=\"wp-caption-text\">\u00a9 Anna Schmedding<\/p><\/div>\n<p>Geboren 1982 in Neuss, Deutschland. Studium der bildenden Kunst an der Academie Beeldende Kunsten Maastricht, Niederlande, sowie Studium der Malerei an der Akademie f\u00fcr bildende K\u00fcnste Wien bei Walter Obholzer und Erwin Bohatsch. Das k\u00fcnstlerische Schaffen umfasst Malerei, Zeichnungen, Druckgrafiken und Skulpturen aus Holz. Anna Schmedding lebt und arbeitet seit 2022 in Klagenfurt.<\/p>\n","protected":false},"excerpt":{"rendered":"<p>Geboren 1982 in Neuss, Deutschland. Studium der bildenden Kunst an der Academie Beeldende Kunsten Maastricht, Niederlande, sowie Studium der Malerei an der Akademie f\u00fcr bildende K\u00fcnste Wien bei Walter Obholzer und Erwin Bohatsch. Das k\u00fcnstlerische Schaffen umfasst Malerei, Zeichnungen, Druckgrafiken und Skulpturen aus Holz. Anna Schmedding lebt und arbeitet seit 2022 in Klagenfurt.<\/p>\n","protected":false},"author":1,"featured_media":0,"comment_status":"closed","ping_status":"open","sticky":false,"template":"","format":"standard","meta":{"footnotes":""},"categories":[132],"tags":[255,136],"class_list":["post-859","post","type-post","status-publish","format-standard","hentry","category-malerwoche","tag-42-malerwoche-2024","tag-kuenstler-in-der-malerwoche"],"_links":{"self":[{"href":"https:\/\/klemenb.bplaced.net\/01_SPDKOCNA\/wp-json\/wp\/v2\/posts\/859","targetHints":{"allow":["GET"]}}],"collection":[{"href":"https:\/\/klemenb.bplaced.net\/01_SPDKOCNA\/wp-json\/wp\/v2\/posts"}],"about":[{"href":"https:\/\/klemenb.bplaced.net\/01_SPDKOCNA\/wp-json\/wp\/v2\/types\/post"}],"author":[{"embeddable":true,"href":"https:\/\/klemenb.bplaced.net\/01_SPDKOCNA\/wp-json\/wp\/v2\/users\/1"}],"replies":[{"embeddable":true,"href":"https:\/\/klemenb.bplaced.net\/01_SPDKOCNA\/wp-json\/wp\/v2\/comments?post=859"}],"version-history":[{"count":2,"href":"https:\/\/klemenb.bplaced.net\/01_SPDKOCNA\/wp-json\/wp\/v2\/posts\/859\/revisions"}],"predecessor-version":[{"id":861,"href":"https:\/\/klemenb.bplaced.net\/01_SPDKOCNA\/wp-json\/wp\/v2\/posts\/859\/revisions\/861"}],"wp:attachment":[{"href":"https:\/\/klemenb.bplaced.net\/01_SPDKOCNA\/wp-json\/wp\/v2\/media?parent=859"}],"wp:term":[{"taxonomy":"category","embeddable":true,"href":"https:\/\/klemenb.bplaced.net\/01_SPDKOCNA\/wp-json\/wp\/v2\/categories?post=859"},{"taxonomy":"post_tag","embeddable":true,"href":"https:\/\/klemenb.bplaced.net\/01_SPDKOCNA\/wp-json\/wp\/v2\/tags?post=859"}],"curies":[{"name":"wp","href":"https:\/\/api.w.org\/{rel}","templated":true}]}}