{"id":798,"date":"2023-07-07T17:19:51","date_gmt":"2023-07-07T15:19:51","guid":{"rendered":"https:\/\/klemenb.bplaced.net\/01_SPDKOCNA\/?p=798"},"modified":"2023-07-11T19:16:53","modified_gmt":"2023-07-11T17:16:53","slug":"marco-andrighetto-ita-2023","status":"publish","type":"post","link":"https:\/\/klemenb.bplaced.net\/01_SPDKOCNA\/marco-andrighetto-ita-2023\/","title":{"rendered":"Marco Andrighetto (ITA-2023)"},"content":{"rendered":"\r\n<div id=\"attachment_818\" style=\"width: 1755px\" class=\"wp-caption aligncenter\"><img loading=\"lazy\" decoding=\"async\" aria-describedby=\"caption-attachment-818\" class=\"size-full wp-image-818\" src=\"https:\/\/klemenb.bplaced.net\/01_SPDKOCNA\/wp-content\/uploads\/2023\/07\/06-Marco-Andrighetto-ITA-scaled.jpg\" alt=\"\u00a9 Marco Andrighetto\" width=\"1745\" height=\"2560\" srcset=\"https:\/\/klemenb.bplaced.net\/01_SPDKOCNA\/wp-content\/uploads\/2023\/07\/06-Marco-Andrighetto-ITA-scaled.jpg 1745w, https:\/\/klemenb.bplaced.net\/01_SPDKOCNA\/wp-content\/uploads\/2023\/07\/06-Marco-Andrighetto-ITA-204x300.jpg 204w, https:\/\/klemenb.bplaced.net\/01_SPDKOCNA\/wp-content\/uploads\/2023\/07\/06-Marco-Andrighetto-ITA-698x1024.jpg 698w, https:\/\/klemenb.bplaced.net\/01_SPDKOCNA\/wp-content\/uploads\/2023\/07\/06-Marco-Andrighetto-ITA-768x1127.jpg 768w, https:\/\/klemenb.bplaced.net\/01_SPDKOCNA\/wp-content\/uploads\/2023\/07\/06-Marco-Andrighetto-ITA-1047x1536.jpg 1047w, https:\/\/klemenb.bplaced.net\/01_SPDKOCNA\/wp-content\/uploads\/2023\/07\/06-Marco-Andrighetto-ITA-1396x2048.jpg 1396w\" sizes=\"auto, (max-width: 1745px) 100vw, 1745px\" \/><p id=\"caption-attachment-818\" class=\"wp-caption-text\">\u00a9 Marco Andrighetto<\/p><\/div>\r\n<p>Rojen leta 1979. \u0160tudij slikarstva na Akademiji za likovno umetnost v Benetkah. \u017divi in ustvarja kot sodobni umetnik v Trevisu. Njegove umetni\u0161ke ve\u0161\u010dine segajo od slikarstva, risbe, kola\u017ea do scenografije in krajevno pogojenih in\u0161talacij. Sodeloval je pri \u0161tevilnih umetni\u0161kih projektih v Italiji. Trenutno je tudi u\u010ditelj grafike, slikarstva in scenografije na Liceo Artistico Statale v Trevisu.<\/p>\r\n","protected":false},"excerpt":{"rendered":"<p>Rojen leta 1979. \u0160tudij slikarstva na Akademiji za likovno umetnost v Benetkah. \u017divi in ustvarja kot sodobni umetnik v Trevisu. Njegove umetni\u0161ke ve\u0161\u010dine segajo od slikarstva, risbe, kola\u017ea do scenografije in krajevno pogojenih in\u0161talacij. Sodeloval je pri \u0161tevilnih umetni\u0161kih projektih v Italiji. Trenutno je tudi u\u010ditelj grafike, slikarstva in scenografije na Liceo Artistico Statale v&#8230;<\/p>\n","protected":false},"author":1,"featured_media":0,"comment_status":"closed","ping_status":"open","sticky":false,"template":"","format":"standard","meta":{"footnotes":""},"categories":[130],"tags":[221,138],"class_list":["post-798","post","type-post","status-publish","format-standard","hentry","category-slikarski-teden","tag-41-slikarski-teden-2023","tag-umetnik-umetnica-slikarskega-tedna"],"_links":{"self":[{"href":"https:\/\/klemenb.bplaced.net\/01_SPDKOCNA\/wp-json\/wp\/v2\/posts\/798","targetHints":{"allow":["GET"]}}],"collection":[{"href":"https:\/\/klemenb.bplaced.net\/01_SPDKOCNA\/wp-json\/wp\/v2\/posts"}],"about":[{"href":"https:\/\/klemenb.bplaced.net\/01_SPDKOCNA\/wp-json\/wp\/v2\/types\/post"}],"author":[{"embeddable":true,"href":"https:\/\/klemenb.bplaced.net\/01_SPDKOCNA\/wp-json\/wp\/v2\/users\/1"}],"replies":[{"embeddable":true,"href":"https:\/\/klemenb.bplaced.net\/01_SPDKOCNA\/wp-json\/wp\/v2\/comments?post=798"}],"version-history":[{"count":2,"href":"https:\/\/klemenb.bplaced.net\/01_SPDKOCNA\/wp-json\/wp\/v2\/posts\/798\/revisions"}],"predecessor-version":[{"id":837,"href":"https:\/\/klemenb.bplaced.net\/01_SPDKOCNA\/wp-json\/wp\/v2\/posts\/798\/revisions\/837"}],"wp:attachment":[{"href":"https:\/\/klemenb.bplaced.net\/01_SPDKOCNA\/wp-json\/wp\/v2\/media?parent=798"}],"wp:term":[{"taxonomy":"category","embeddable":true,"href":"https:\/\/klemenb.bplaced.net\/01_SPDKOCNA\/wp-json\/wp\/v2\/categories?post=798"},{"taxonomy":"post_tag","embeddable":true,"href":"https:\/\/klemenb.bplaced.net\/01_SPDKOCNA\/wp-json\/wp\/v2\/tags?post=798"}],"curies":[{"name":"wp","href":"https:\/\/api.w.org\/{rel}","templated":true}]}}