{"id":796,"date":"2023-07-07T17:19:00","date_gmt":"2023-07-07T15:19:00","guid":{"rendered":"https:\/\/klemenb.bplaced.net\/01_SPDKOCNA\/?p=796"},"modified":"2023-07-11T19:15:56","modified_gmt":"2023-07-11T17:15:56","slug":"boris-beja-slo-2023-2","status":"publish","type":"post","link":"https:\/\/klemenb.bplaced.net\/01_SPDKOCNA\/de\/boris-beja-slo-2023-2\/","title":{"rendered":"Boris Beja (SLO-2023)"},"content":{"rendered":"\r\n<div id=\"attachment_817\" style=\"width: 2570px\" class=\"wp-caption aligncenter\"><img loading=\"lazy\" decoding=\"async\" aria-describedby=\"caption-attachment-817\" class=\"size-full wp-image-817\" src=\"https:\/\/klemenb.bplaced.net\/01_SPDKOCNA\/wp-content\/uploads\/2023\/07\/05-Boris-Beja-SLO-scaled.jpg\" alt=\"\u00a9 Boris Beja\" width=\"2560\" height=\"1715\" srcset=\"https:\/\/klemenb.bplaced.net\/01_SPDKOCNA\/wp-content\/uploads\/2023\/07\/05-Boris-Beja-SLO-scaled.jpg 2560w, https:\/\/klemenb.bplaced.net\/01_SPDKOCNA\/wp-content\/uploads\/2023\/07\/05-Boris-Beja-SLO-300x201.jpg 300w, https:\/\/klemenb.bplaced.net\/01_SPDKOCNA\/wp-content\/uploads\/2023\/07\/05-Boris-Beja-SLO-1024x686.jpg 1024w, https:\/\/klemenb.bplaced.net\/01_SPDKOCNA\/wp-content\/uploads\/2023\/07\/05-Boris-Beja-SLO-768x514.jpg 768w, https:\/\/klemenb.bplaced.net\/01_SPDKOCNA\/wp-content\/uploads\/2023\/07\/05-Boris-Beja-SLO-1536x1029.jpg 1536w, https:\/\/klemenb.bplaced.net\/01_SPDKOCNA\/wp-content\/uploads\/2023\/07\/05-Boris-Beja-SLO-2048x1372.jpg 2048w\" sizes=\"auto, (max-width: 2560px) 100vw, 2560px\" \/><p id=\"caption-attachment-817\" class=\"wp-caption-text\">\u00a9 Boris Beja<\/p><\/div>\r\n<p>Geboren 1986. Studium der Grafik an der Fakult\u00e4t f\u00fcr Naturwissenschaften und Technik sowie Studium an der Akademie der bildenden K\u00fcnste und Design in Ljubljana. Der Bildhauer und Grafiker arbeitet auch im Bereich der P\u00e4dagogik. Derzeit ist er Dozent am Lehrstuhl f\u00fcr Informations- und Grafiktechnologie.<\/p>\r\n","protected":false},"excerpt":{"rendered":"<p>Geboren 1986. Studium der Grafik an der Fakult\u00e4t f\u00fcr Naturwissenschaften und Technik sowie Studium an der Akademie der bildenden K\u00fcnste und Design in Ljubljana. Der Bildhauer und Grafiker arbeitet auch im Bereich der P\u00e4dagogik. Derzeit ist er Dozent am Lehrstuhl f\u00fcr Informations- und Grafiktechnologie.<\/p>\n","protected":false},"author":1,"featured_media":0,"comment_status":"closed","ping_status":"open","sticky":false,"template":"","format":"standard","meta":{"footnotes":""},"categories":[132],"tags":[223,136],"class_list":["post-796","post","type-post","status-publish","format-standard","hentry","category-malerwoche","tag-41-malerwoche-2023","tag-kuenstler-in-der-malerwoche"],"_links":{"self":[{"href":"https:\/\/klemenb.bplaced.net\/01_SPDKOCNA\/wp-json\/wp\/v2\/posts\/796","targetHints":{"allow":["GET"]}}],"collection":[{"href":"https:\/\/klemenb.bplaced.net\/01_SPDKOCNA\/wp-json\/wp\/v2\/posts"}],"about":[{"href":"https:\/\/klemenb.bplaced.net\/01_SPDKOCNA\/wp-json\/wp\/v2\/types\/post"}],"author":[{"embeddable":true,"href":"https:\/\/klemenb.bplaced.net\/01_SPDKOCNA\/wp-json\/wp\/v2\/users\/1"}],"replies":[{"embeddable":true,"href":"https:\/\/klemenb.bplaced.net\/01_SPDKOCNA\/wp-json\/wp\/v2\/comments?post=796"}],"version-history":[{"count":2,"href":"https:\/\/klemenb.bplaced.net\/01_SPDKOCNA\/wp-json\/wp\/v2\/posts\/796\/revisions"}],"predecessor-version":[{"id":834,"href":"https:\/\/klemenb.bplaced.net\/01_SPDKOCNA\/wp-json\/wp\/v2\/posts\/796\/revisions\/834"}],"wp:attachment":[{"href":"https:\/\/klemenb.bplaced.net\/01_SPDKOCNA\/wp-json\/wp\/v2\/media?parent=796"}],"wp:term":[{"taxonomy":"category","embeddable":true,"href":"https:\/\/klemenb.bplaced.net\/01_SPDKOCNA\/wp-json\/wp\/v2\/categories?post=796"},{"taxonomy":"post_tag","embeddable":true,"href":"https:\/\/klemenb.bplaced.net\/01_SPDKOCNA\/wp-json\/wp\/v2\/tags?post=796"}],"curies":[{"name":"wp","href":"https:\/\/api.w.org\/{rel}","templated":true}]}}