{"id":794,"date":"2023-07-07T17:18:39","date_gmt":"2023-07-07T15:18:39","guid":{"rendered":"https:\/\/klemenb.bplaced.net\/01_SPDKOCNA\/?p=794"},"modified":"2023-07-11T19:16:08","modified_gmt":"2023-07-11T17:16:08","slug":"boris-beja-slo-2023","status":"publish","type":"post","link":"https:\/\/klemenb.bplaced.net\/01_SPDKOCNA\/boris-beja-slo-2023\/","title":{"rendered":"Boris Beja (SLO-2023)"},"content":{"rendered":"\r\n<div id=\"attachment_816\" style=\"width: 2570px\" class=\"wp-caption aligncenter\"><img loading=\"lazy\" decoding=\"async\" aria-describedby=\"caption-attachment-816\" class=\"size-full wp-image-816\" src=\"https:\/\/klemenb.bplaced.net\/01_SPDKOCNA\/wp-content\/uploads\/2023\/07\/05-Boris-Beja-SLO-scaled.jpg\" alt=\"\u00a9 Boris Beja\" width=\"2560\" height=\"1715\" srcset=\"https:\/\/klemenb.bplaced.net\/01_SPDKOCNA\/wp-content\/uploads\/2023\/07\/05-Boris-Beja-SLO-scaled.jpg 2560w, https:\/\/klemenb.bplaced.net\/01_SPDKOCNA\/wp-content\/uploads\/2023\/07\/05-Boris-Beja-SLO-300x201.jpg 300w, https:\/\/klemenb.bplaced.net\/01_SPDKOCNA\/wp-content\/uploads\/2023\/07\/05-Boris-Beja-SLO-1024x686.jpg 1024w, https:\/\/klemenb.bplaced.net\/01_SPDKOCNA\/wp-content\/uploads\/2023\/07\/05-Boris-Beja-SLO-768x514.jpg 768w, https:\/\/klemenb.bplaced.net\/01_SPDKOCNA\/wp-content\/uploads\/2023\/07\/05-Boris-Beja-SLO-1536x1029.jpg 1536w, https:\/\/klemenb.bplaced.net\/01_SPDKOCNA\/wp-content\/uploads\/2023\/07\/05-Boris-Beja-SLO-2048x1372.jpg 2048w\" sizes=\"auto, (max-width: 2560px) 100vw, 2560px\" \/><p id=\"caption-attachment-816\" class=\"wp-caption-text\">\u00a9 Boris Beja<\/p><\/div>\r\n<p>Rojen leta 1986. \u0160tudij grafike na Naravoslovnotehni\u0161ki fakulteti, nato \u0161e na Akademiji za likovno umetnost in oblikovanje v Ljubljani. Kipar in grafik deluje tudi na podro\u010dju pedagogike. Trenutno predava na Katedri za infor- macijsko in grafi\u010dno tehnologijo \/ Chair of Information and Graphic Arts Technology.<\/p>\r\n","protected":false},"excerpt":{"rendered":"<p>Rojen leta 1986. \u0160tudij grafike na Naravoslovnotehni\u0161ki fakulteti, nato \u0161e na Akademiji za likovno umetnost in oblikovanje v Ljubljani. Kipar in grafik deluje tudi na podro\u010dju pedagogike. Trenutno predava na Katedri za infor- macijsko in grafi\u010dno tehnologijo \/ Chair of Information and Graphic Arts Technology.<\/p>\n","protected":false},"author":1,"featured_media":0,"comment_status":"closed","ping_status":"open","sticky":false,"template":"","format":"standard","meta":{"footnotes":""},"categories":[130],"tags":[221,138],"class_list":["post-794","post","type-post","status-publish","format-standard","hentry","category-slikarski-teden","tag-41-slikarski-teden-2023","tag-umetnik-umetnica-slikarskega-tedna"],"_links":{"self":[{"href":"https:\/\/klemenb.bplaced.net\/01_SPDKOCNA\/wp-json\/wp\/v2\/posts\/794","targetHints":{"allow":["GET"]}}],"collection":[{"href":"https:\/\/klemenb.bplaced.net\/01_SPDKOCNA\/wp-json\/wp\/v2\/posts"}],"about":[{"href":"https:\/\/klemenb.bplaced.net\/01_SPDKOCNA\/wp-json\/wp\/v2\/types\/post"}],"author":[{"embeddable":true,"href":"https:\/\/klemenb.bplaced.net\/01_SPDKOCNA\/wp-json\/wp\/v2\/users\/1"}],"replies":[{"embeddable":true,"href":"https:\/\/klemenb.bplaced.net\/01_SPDKOCNA\/wp-json\/wp\/v2\/comments?post=794"}],"version-history":[{"count":2,"href":"https:\/\/klemenb.bplaced.net\/01_SPDKOCNA\/wp-json\/wp\/v2\/posts\/794\/revisions"}],"predecessor-version":[{"id":835,"href":"https:\/\/klemenb.bplaced.net\/01_SPDKOCNA\/wp-json\/wp\/v2\/posts\/794\/revisions\/835"}],"wp:attachment":[{"href":"https:\/\/klemenb.bplaced.net\/01_SPDKOCNA\/wp-json\/wp\/v2\/media?parent=794"}],"wp:term":[{"taxonomy":"category","embeddable":true,"href":"https:\/\/klemenb.bplaced.net\/01_SPDKOCNA\/wp-json\/wp\/v2\/categories?post=794"},{"taxonomy":"post_tag","embeddable":true,"href":"https:\/\/klemenb.bplaced.net\/01_SPDKOCNA\/wp-json\/wp\/v2\/tags?post=794"}],"curies":[{"name":"wp","href":"https:\/\/api.w.org\/{rel}","templated":true}]}}