{"id":791,"date":"2023-07-07T17:17:42","date_gmt":"2023-07-07T15:17:42","guid":{"rendered":"https:\/\/klemenb.bplaced.net\/01_SPDKOCNA\/?p=791"},"modified":"2023-07-11T19:15:23","modified_gmt":"2023-07-11T17:15:23","slug":"tjasa-rener-slo-2023","status":"publish","type":"post","link":"https:\/\/klemenb.bplaced.net\/01_SPDKOCNA\/de\/tjasa-rener-slo-2023\/","title":{"rendered":"Tja\u0161a Rener (SLO-2023)"},"content":{"rendered":"\r\n<div id=\"attachment_815\" style=\"width: 2032px\" class=\"wp-caption aligncenter\"><img loading=\"lazy\" decoding=\"async\" aria-describedby=\"caption-attachment-815\" class=\"size-full wp-image-815\" src=\"https:\/\/klemenb.bplaced.net\/01_SPDKOCNA\/wp-content\/uploads\/2023\/07\/04-Tjasa-Rener-SLO-scaled.jpg\" alt=\"\u00a9 Tja\u0161a Rener\" width=\"2022\" height=\"2560\" srcset=\"https:\/\/klemenb.bplaced.net\/01_SPDKOCNA\/wp-content\/uploads\/2023\/07\/04-Tjasa-Rener-SLO-scaled.jpg 2022w, https:\/\/klemenb.bplaced.net\/01_SPDKOCNA\/wp-content\/uploads\/2023\/07\/04-Tjasa-Rener-SLO-237x300.jpg 237w, https:\/\/klemenb.bplaced.net\/01_SPDKOCNA\/wp-content\/uploads\/2023\/07\/04-Tjasa-Rener-SLO-809x1024.jpg 809w, https:\/\/klemenb.bplaced.net\/01_SPDKOCNA\/wp-content\/uploads\/2023\/07\/04-Tjasa-Rener-SLO-768x972.jpg 768w, https:\/\/klemenb.bplaced.net\/01_SPDKOCNA\/wp-content\/uploads\/2023\/07\/04-Tjasa-Rener-SLO-1213x1536.jpg 1213w, https:\/\/klemenb.bplaced.net\/01_SPDKOCNA\/wp-content\/uploads\/2023\/07\/04-Tjasa-Rener-SLO-1618x2048.jpg 1618w\" sizes=\"auto, (max-width: 2022px) 100vw, 2022px\" \/><p id=\"caption-attachment-815\" class=\"wp-caption-text\">\u00a9 Tja\u0161a Rener<\/p><\/div>\r\n<p>Geboren 1986. Studium der Malerei an der Akademie der bildenden K\u00fcnste in Ljubljana sowie an der Abteilung f\u00fcr Grafik an der Akademie der bildenden K\u00fcnste in Zagreb. 2013 entstand das Kunstbuch Story From Africa. Sie lebt und arbeitet in Ghana und Slowenien. Als Malerin und Grafikerin stellte sie in vielen L\u00e4ndern der Welt aus.<\/p>\r\n","protected":false},"excerpt":{"rendered":"<p>Geboren 1986. Studium der Malerei an der Akademie der bildenden K\u00fcnste in Ljubljana sowie an der Abteilung f\u00fcr Grafik an der Akademie der bildenden K\u00fcnste in Zagreb. 2013 entstand das Kunstbuch Story From Africa. Sie lebt und arbeitet in Ghana und Slowenien. Als Malerin und Grafikerin stellte sie in vielen L\u00e4ndern der Welt aus.<\/p>\n","protected":false},"author":1,"featured_media":0,"comment_status":"closed","ping_status":"open","sticky":false,"template":"","format":"standard","meta":{"footnotes":""},"categories":[132],"tags":[223,136],"class_list":["post-791","post","type-post","status-publish","format-standard","hentry","category-malerwoche","tag-41-malerwoche-2023","tag-kuenstler-in-der-malerwoche"],"_links":{"self":[{"href":"https:\/\/klemenb.bplaced.net\/01_SPDKOCNA\/wp-json\/wp\/v2\/posts\/791","targetHints":{"allow":["GET"]}}],"collection":[{"href":"https:\/\/klemenb.bplaced.net\/01_SPDKOCNA\/wp-json\/wp\/v2\/posts"}],"about":[{"href":"https:\/\/klemenb.bplaced.net\/01_SPDKOCNA\/wp-json\/wp\/v2\/types\/post"}],"author":[{"embeddable":true,"href":"https:\/\/klemenb.bplaced.net\/01_SPDKOCNA\/wp-json\/wp\/v2\/users\/1"}],"replies":[{"embeddable":true,"href":"https:\/\/klemenb.bplaced.net\/01_SPDKOCNA\/wp-json\/wp\/v2\/comments?post=791"}],"version-history":[{"count":2,"href":"https:\/\/klemenb.bplaced.net\/01_SPDKOCNA\/wp-json\/wp\/v2\/posts\/791\/revisions"}],"predecessor-version":[{"id":833,"href":"https:\/\/klemenb.bplaced.net\/01_SPDKOCNA\/wp-json\/wp\/v2\/posts\/791\/revisions\/833"}],"wp:attachment":[{"href":"https:\/\/klemenb.bplaced.net\/01_SPDKOCNA\/wp-json\/wp\/v2\/media?parent=791"}],"wp:term":[{"taxonomy":"category","embeddable":true,"href":"https:\/\/klemenb.bplaced.net\/01_SPDKOCNA\/wp-json\/wp\/v2\/categories?post=791"},{"taxonomy":"post_tag","embeddable":true,"href":"https:\/\/klemenb.bplaced.net\/01_SPDKOCNA\/wp-json\/wp\/v2\/tags?post=791"}],"curies":[{"name":"wp","href":"https:\/\/api.w.org\/{rel}","templated":true}]}}