{"id":789,"date":"2023-07-07T17:17:18","date_gmt":"2023-07-07T15:17:18","guid":{"rendered":"https:\/\/klemenb.bplaced.net\/01_SPDKOCNA\/?p=789"},"modified":"2023-07-11T19:15:37","modified_gmt":"2023-07-11T17:15:37","slug":"tjasa-rener-slo-2023-2","status":"publish","type":"post","link":"https:\/\/klemenb.bplaced.net\/01_SPDKOCNA\/tjasa-rener-slo-2023-2\/","title":{"rendered":"Tja\u0161a Rener (SLO-2023)"},"content":{"rendered":"\r\n<div id=\"attachment_814\" style=\"width: 2032px\" class=\"wp-caption aligncenter\"><img loading=\"lazy\" decoding=\"async\" aria-describedby=\"caption-attachment-814\" class=\"size-full wp-image-814\" src=\"https:\/\/klemenb.bplaced.net\/01_SPDKOCNA\/wp-content\/uploads\/2023\/07\/04-Tjasa-Rener-SLO-scaled.jpg\" alt=\"\u00a9 Tja\u0161a Rener\" width=\"2022\" height=\"2560\" srcset=\"https:\/\/klemenb.bplaced.net\/01_SPDKOCNA\/wp-content\/uploads\/2023\/07\/04-Tjasa-Rener-SLO-scaled.jpg 2022w, https:\/\/klemenb.bplaced.net\/01_SPDKOCNA\/wp-content\/uploads\/2023\/07\/04-Tjasa-Rener-SLO-237x300.jpg 237w, https:\/\/klemenb.bplaced.net\/01_SPDKOCNA\/wp-content\/uploads\/2023\/07\/04-Tjasa-Rener-SLO-809x1024.jpg 809w, https:\/\/klemenb.bplaced.net\/01_SPDKOCNA\/wp-content\/uploads\/2023\/07\/04-Tjasa-Rener-SLO-768x972.jpg 768w, https:\/\/klemenb.bplaced.net\/01_SPDKOCNA\/wp-content\/uploads\/2023\/07\/04-Tjasa-Rener-SLO-1213x1536.jpg 1213w, https:\/\/klemenb.bplaced.net\/01_SPDKOCNA\/wp-content\/uploads\/2023\/07\/04-Tjasa-Rener-SLO-1618x2048.jpg 1618w\" sizes=\"auto, (max-width: 2022px) 100vw, 2022px\" \/><p id=\"caption-attachment-814\" class=\"wp-caption-text\">\u00a9 Tja\u0161a Rener<\/p><\/div>\r\n<p>Rojena leta 1986. \u0160tudij slikarstva na Akademiji za likovne umetnosti v Ljubljani, izpopolnjevanje na Oddelku za grafiko na Akademiji za likovno umetnost v Zagrebu. Od leta 2013, ko je ustvarila umetni\u0161ko knjigo Zgodba iz Afrike (A Story From Africa), \u017eivi in ustvarja med Slovenijo in Gano. Je slikarka in grafi\u010darka. Sodelovala pa je na razstavah po vsem svetu.<\/p>\r\n","protected":false},"excerpt":{"rendered":"<p>Rojena leta 1986. \u0160tudij slikarstva na Akademiji za likovne umetnosti v Ljubljani, izpopolnjevanje na Oddelku za grafiko na Akademiji za likovno umetnost v Zagrebu. Od leta 2013, ko je ustvarila umetni\u0161ko knjigo Zgodba iz Afrike (A Story From Africa), \u017eivi in ustvarja med Slovenijo in Gano. Je slikarka in grafi\u010darka. Sodelovala pa je na razstavah&#8230;<\/p>\n","protected":false},"author":1,"featured_media":0,"comment_status":"closed","ping_status":"open","sticky":false,"template":"","format":"standard","meta":{"footnotes":""},"categories":[130],"tags":[221,138],"class_list":["post-789","post","type-post","status-publish","format-standard","hentry","category-slikarski-teden","tag-41-slikarski-teden-2023","tag-umetnik-umetnica-slikarskega-tedna"],"_links":{"self":[{"href":"https:\/\/klemenb.bplaced.net\/01_SPDKOCNA\/wp-json\/wp\/v2\/posts\/789","targetHints":{"allow":["GET"]}}],"collection":[{"href":"https:\/\/klemenb.bplaced.net\/01_SPDKOCNA\/wp-json\/wp\/v2\/posts"}],"about":[{"href":"https:\/\/klemenb.bplaced.net\/01_SPDKOCNA\/wp-json\/wp\/v2\/types\/post"}],"author":[{"embeddable":true,"href":"https:\/\/klemenb.bplaced.net\/01_SPDKOCNA\/wp-json\/wp\/v2\/users\/1"}],"replies":[{"embeddable":true,"href":"https:\/\/klemenb.bplaced.net\/01_SPDKOCNA\/wp-json\/wp\/v2\/comments?post=789"}],"version-history":[{"count":3,"href":"https:\/\/klemenb.bplaced.net\/01_SPDKOCNA\/wp-json\/wp\/v2\/posts\/789\/revisions"}],"predecessor-version":[{"id":832,"href":"https:\/\/klemenb.bplaced.net\/01_SPDKOCNA\/wp-json\/wp\/v2\/posts\/789\/revisions\/832"}],"wp:attachment":[{"href":"https:\/\/klemenb.bplaced.net\/01_SPDKOCNA\/wp-json\/wp\/v2\/media?parent=789"}],"wp:term":[{"taxonomy":"category","embeddable":true,"href":"https:\/\/klemenb.bplaced.net\/01_SPDKOCNA\/wp-json\/wp\/v2\/categories?post=789"},{"taxonomy":"post_tag","embeddable":true,"href":"https:\/\/klemenb.bplaced.net\/01_SPDKOCNA\/wp-json\/wp\/v2\/tags?post=789"}],"curies":[{"name":"wp","href":"https:\/\/api.w.org\/{rel}","templated":true}]}}