{"id":783,"date":"2023-07-07T17:15:45","date_gmt":"2023-07-07T15:15:45","guid":{"rendered":"https:\/\/klemenb.bplaced.net\/01_SPDKOCNA\/?p=783"},"modified":"2023-07-11T19:14:15","modified_gmt":"2023-07-11T17:14:15","slug":"alex-amann-aut-2023-2","status":"publish","type":"post","link":"https:\/\/klemenb.bplaced.net\/01_SPDKOCNA\/de\/alex-amann-aut-2023-2\/","title":{"rendered":"Alex Amann (AUT-2023)"},"content":{"rendered":"\r\n<div id=\"attachment_811\" style=\"width: 2570px\" class=\"wp-caption aligncenter\"><img loading=\"lazy\" decoding=\"async\" aria-describedby=\"caption-attachment-811\" class=\"size-full wp-image-811\" src=\"https:\/\/klemenb.bplaced.net\/01_SPDKOCNA\/wp-content\/uploads\/2023\/07\/02-Alex-Amann-AUT-scaled.jpg\" alt=\"\u00a9 Alex Amann\" width=\"2560\" height=\"1825\" srcset=\"https:\/\/klemenb.bplaced.net\/01_SPDKOCNA\/wp-content\/uploads\/2023\/07\/02-Alex-Amann-AUT-scaled.jpg 2560w, https:\/\/klemenb.bplaced.net\/01_SPDKOCNA\/wp-content\/uploads\/2023\/07\/02-Alex-Amann-AUT-300x214.jpg 300w, https:\/\/klemenb.bplaced.net\/01_SPDKOCNA\/wp-content\/uploads\/2023\/07\/02-Alex-Amann-AUT-1024x730.jpg 1024w, https:\/\/klemenb.bplaced.net\/01_SPDKOCNA\/wp-content\/uploads\/2023\/07\/02-Alex-Amann-AUT-768x548.jpg 768w, https:\/\/klemenb.bplaced.net\/01_SPDKOCNA\/wp-content\/uploads\/2023\/07\/02-Alex-Amann-AUT-1536x1095.jpg 1536w, https:\/\/klemenb.bplaced.net\/01_SPDKOCNA\/wp-content\/uploads\/2023\/07\/02-Alex-Amann-AUT-2048x1460.jpg 2048w\" sizes=\"auto, (max-width: 2560px) 100vw, 2560px\" \/><p id=\"caption-attachment-811\" class=\"wp-caption-text\">\u00a9 Alex Amann<\/p><\/div>\r\n<p>Geboren 1957 in Bleiberg in K\u00e4rnten. Er studierte an der Akademie der bildenden K\u00fcnste in Wien bei Anton Lehmden und Bruno Gironcoli. Seit Ende der 80er Jahre lebt und arbeitet der K\u00fcnstler \u00fcberwiegend in Paris. Zahlreiche Ausstellungen im In- und Ausland, unter anderem in Paris, Wien, Nizza, Salzburg und Klagenfurt.<\/p>\r\n","protected":false},"excerpt":{"rendered":"<p>Geboren 1957 in Bleiberg in K\u00e4rnten. Er studierte an der Akademie der bildenden K\u00fcnste in Wien bei Anton Lehmden und Bruno Gironcoli. Seit Ende der 80er Jahre lebt und arbeitet der K\u00fcnstler \u00fcberwiegend in Paris. Zahlreiche Ausstellungen im In- und Ausland, unter anderem in Paris, Wien, Nizza, Salzburg und Klagenfurt.<\/p>\n","protected":false},"author":1,"featured_media":0,"comment_status":"closed","ping_status":"open","sticky":false,"template":"","format":"standard","meta":{"footnotes":""},"categories":[132],"tags":[223,136],"class_list":["post-783","post","type-post","status-publish","format-standard","hentry","category-malerwoche","tag-41-malerwoche-2023","tag-kuenstler-in-der-malerwoche"],"_links":{"self":[{"href":"https:\/\/klemenb.bplaced.net\/01_SPDKOCNA\/wp-json\/wp\/v2\/posts\/783","targetHints":{"allow":["GET"]}}],"collection":[{"href":"https:\/\/klemenb.bplaced.net\/01_SPDKOCNA\/wp-json\/wp\/v2\/posts"}],"about":[{"href":"https:\/\/klemenb.bplaced.net\/01_SPDKOCNA\/wp-json\/wp\/v2\/types\/post"}],"author":[{"embeddable":true,"href":"https:\/\/klemenb.bplaced.net\/01_SPDKOCNA\/wp-json\/wp\/v2\/users\/1"}],"replies":[{"embeddable":true,"href":"https:\/\/klemenb.bplaced.net\/01_SPDKOCNA\/wp-json\/wp\/v2\/comments?post=783"}],"version-history":[{"count":2,"href":"https:\/\/klemenb.bplaced.net\/01_SPDKOCNA\/wp-json\/wp\/v2\/posts\/783\/revisions"}],"predecessor-version":[{"id":829,"href":"https:\/\/klemenb.bplaced.net\/01_SPDKOCNA\/wp-json\/wp\/v2\/posts\/783\/revisions\/829"}],"wp:attachment":[{"href":"https:\/\/klemenb.bplaced.net\/01_SPDKOCNA\/wp-json\/wp\/v2\/media?parent=783"}],"wp:term":[{"taxonomy":"category","embeddable":true,"href":"https:\/\/klemenb.bplaced.net\/01_SPDKOCNA\/wp-json\/wp\/v2\/categories?post=783"},{"taxonomy":"post_tag","embeddable":true,"href":"https:\/\/klemenb.bplaced.net\/01_SPDKOCNA\/wp-json\/wp\/v2\/tags?post=783"}],"curies":[{"name":"wp","href":"https:\/\/api.w.org\/{rel}","templated":true}]}}