{"id":776,"date":"2023-07-07T17:14:00","date_gmt":"2023-07-07T15:14:00","guid":{"rendered":"https:\/\/klemenb.bplaced.net\/01_SPDKOCNA\/?p=776"},"modified":"2023-07-11T19:13:07","modified_gmt":"2023-07-11T17:13:07","slug":"ma-el-weiher-aut-2023","status":"publish","type":"post","link":"https:\/\/klemenb.bplaced.net\/01_SPDKOCNA\/ma-el-weiher-aut-2023\/","title":{"rendered":"Ma-El Weiher (AUT-2023)"},"content":{"rendered":"\r\n\r\n\r\n<div id=\"attachment_808\" style=\"width: 1828px\" class=\"wp-caption aligncenter\"><img loading=\"lazy\" decoding=\"async\" aria-describedby=\"caption-attachment-808\" class=\"size-full wp-image-808\" src=\"https:\/\/klemenb.bplaced.net\/01_SPDKOCNA\/wp-content\/uploads\/2023\/07\/01-Ma-El-Weiher-AUT-scaled.jpg\" alt=\"\u00a9 Ma-El Weiher\" width=\"1818\" height=\"2560\" srcset=\"https:\/\/klemenb.bplaced.net\/01_SPDKOCNA\/wp-content\/uploads\/2023\/07\/01-Ma-El-Weiher-AUT-scaled.jpg 1818w, https:\/\/klemenb.bplaced.net\/01_SPDKOCNA\/wp-content\/uploads\/2023\/07\/01-Ma-El-Weiher-AUT-213x300.jpg 213w, https:\/\/klemenb.bplaced.net\/01_SPDKOCNA\/wp-content\/uploads\/2023\/07\/01-Ma-El-Weiher-AUT-727x1024.jpg 727w, https:\/\/klemenb.bplaced.net\/01_SPDKOCNA\/wp-content\/uploads\/2023\/07\/01-Ma-El-Weiher-AUT-768x1081.jpg 768w, https:\/\/klemenb.bplaced.net\/01_SPDKOCNA\/wp-content\/uploads\/2023\/07\/01-Ma-El-Weiher-AUT-1091x1536.jpg 1091w, https:\/\/klemenb.bplaced.net\/01_SPDKOCNA\/wp-content\/uploads\/2023\/07\/01-Ma-El-Weiher-AUT-1455x2048.jpg 1455w\" sizes=\"auto, (max-width: 1818px) 100vw, 1818px\" \/><p id=\"caption-attachment-808\" class=\"wp-caption-text\">\u00a9 Ma-El Weiher<\/p><\/div>\r\n<p>Rojena leta 1999. \u0160tudij na Univerzi uporabne umetnosti na Dunaju in na Accademia di Belle Arti di Firenze. Ustvarja predvsem na podro\u010dju grafike in slikarstva. Razstavlja doma in v tujini. Prejela je ve\u010d nagrad, med drugim \u0161tipendijo mesta Celovec za leto 2023 s \u0161tudijsko rezidenco v \u0160martnem.<\/p>\r\n","protected":false},"excerpt":{"rendered":"<p>Rojena leta 1999. \u0160tudij na Univerzi uporabne umetnosti na Dunaju in na Accademia di Belle Arti di Firenze. Ustvarja predvsem na podro\u010dju grafike in slikarstva. Razstavlja doma in v tujini. Prejela je ve\u010d nagrad, med drugim \u0161tipendijo mesta Celovec za leto 2023 s \u0161tudijsko rezidenco v \u0160martnem.<\/p>\n","protected":false},"author":1,"featured_media":0,"comment_status":"closed","ping_status":"open","sticky":false,"template":"","format":"standard","meta":{"footnotes":""},"categories":[130],"tags":[221,138],"class_list":["post-776","post","type-post","status-publish","format-standard","hentry","category-slikarski-teden","tag-41-slikarski-teden-2023","tag-umetnik-umetnica-slikarskega-tedna"],"_links":{"self":[{"href":"https:\/\/klemenb.bplaced.net\/01_SPDKOCNA\/wp-json\/wp\/v2\/posts\/776","targetHints":{"allow":["GET"]}}],"collection":[{"href":"https:\/\/klemenb.bplaced.net\/01_SPDKOCNA\/wp-json\/wp\/v2\/posts"}],"about":[{"href":"https:\/\/klemenb.bplaced.net\/01_SPDKOCNA\/wp-json\/wp\/v2\/types\/post"}],"author":[{"embeddable":true,"href":"https:\/\/klemenb.bplaced.net\/01_SPDKOCNA\/wp-json\/wp\/v2\/users\/1"}],"replies":[{"embeddable":true,"href":"https:\/\/klemenb.bplaced.net\/01_SPDKOCNA\/wp-json\/wp\/v2\/comments?post=776"}],"version-history":[{"count":6,"href":"https:\/\/klemenb.bplaced.net\/01_SPDKOCNA\/wp-json\/wp\/v2\/posts\/776\/revisions"}],"predecessor-version":[{"id":826,"href":"https:\/\/klemenb.bplaced.net\/01_SPDKOCNA\/wp-json\/wp\/v2\/posts\/776\/revisions\/826"}],"wp:attachment":[{"href":"https:\/\/klemenb.bplaced.net\/01_SPDKOCNA\/wp-json\/wp\/v2\/media?parent=776"}],"wp:term":[{"taxonomy":"category","embeddable":true,"href":"https:\/\/klemenb.bplaced.net\/01_SPDKOCNA\/wp-json\/wp\/v2\/categories?post=776"},{"taxonomy":"post_tag","embeddable":true,"href":"https:\/\/klemenb.bplaced.net\/01_SPDKOCNA\/wp-json\/wp\/v2\/tags?post=776"}],"curies":[{"name":"wp","href":"https:\/\/api.w.org\/{rel}","templated":true}]}}