{"id":773,"date":"2023-07-07T17:11:35","date_gmt":"2023-07-07T15:11:35","guid":{"rendered":"https:\/\/klemenb.bplaced.net\/01_SPDKOCNA\/?p=773"},"modified":"2023-07-07T17:11:36","modified_gmt":"2023-07-07T15:11:36","slug":"kreativ-workshop-6","status":"publish","type":"post","link":"https:\/\/klemenb.bplaced.net\/01_SPDKOCNA\/de\/kreativ-workshop-6\/","title":{"rendered":"Kreativ-Workshop"},"content":{"rendered":"\n<p><strong>Kreativ-Workshop f\u00fcr Kinder<\/strong><br>Als ausgebildete Volksschullehrerin erforscht Martina Dvornik seit der Studienzeit die Montessori-P\u00e4dagogik und war fast sieben Jahre Erzieherin im Internat in St. Peter im Rosental. Weiterbildung am Montessori- Institut mit Abschluss als Montessori-P\u00e4dagogin f\u00fcr die Altersgruppe 0 bis 12 Jahre. Im Augenblick unterrichtet die P\u00e4dagogin an der privaten Montessori-Pflichtschule in Maribor und entdeckt mit gro\u00dfer Begeisterung die Fertigkeiten und Talente, die den Einzelnen und die Gemeinschaft bereichern. Sie bringt Kindern das kreative Gestalten und vor allem das N\u00e4hen bei.<br><br><strong>Workshop \u201eMit Nadel und Zwirn\u201c, \u201eN\u00e4hwerkstatt nach Montessori\u201c<\/strong><br>Die Kinder lernen verschiedene Materialien kennen, lernen das N\u00e4hen mit der Hand und der Maschine, das Stricken und das Recycling von Stoffen zu neuen Gebrauchsgegenst\u00e4nden \u2013 alles in der Gruppe, in der nur die gute Stimmung z\u00e4hlt.<br><br><strong>Dauer:<\/strong> Mittwoch, 19. Juli, bis Freitag, 21. Juli, von 9:30 bis 12:30<br><strong>Wo:<\/strong> in der alten Schule<br><strong>Kursgeb\u00fchr: <\/strong>35 \u20ac (einschlie\u00dflich Material)<br><br><strong>Um rechtzeitige Anmeldung wird gebeten<\/strong><br>Alenka Weber<br>0043 (0)650 50 590 05, office@kocna.at, alenka@webdent.at<\/p>\n","protected":false},"excerpt":{"rendered":"<p>Kreativ-Workshop f\u00fcr KinderAls ausgebildete Volksschullehrerin erforscht Martina Dvornik seit der Studienzeit die Montessori-P\u00e4dagogik und war fast sieben Jahre Erzieherin im Internat in St. Peter im Rosental. Weiterbildung am Montessori- Institut mit Abschluss als Montessori-P\u00e4dagogin f\u00fcr die Altersgruppe 0 bis 12 Jahre. Im Augenblick unterrichtet die P\u00e4dagogin an der privaten Montessori-Pflichtschule in Maribor und entdeckt mit&#8230;<\/p>\n","protected":false},"author":1,"featured_media":0,"comment_status":"closed","ping_status":"open","sticky":false,"template":"","format":"standard","meta":{"footnotes":""},"categories":[132],"tags":[223],"class_list":["post-773","post","type-post","status-publish","format-standard","hentry","category-malerwoche","tag-41-malerwoche-2023"],"_links":{"self":[{"href":"https:\/\/klemenb.bplaced.net\/01_SPDKOCNA\/wp-json\/wp\/v2\/posts\/773","targetHints":{"allow":["GET"]}}],"collection":[{"href":"https:\/\/klemenb.bplaced.net\/01_SPDKOCNA\/wp-json\/wp\/v2\/posts"}],"about":[{"href":"https:\/\/klemenb.bplaced.net\/01_SPDKOCNA\/wp-json\/wp\/v2\/types\/post"}],"author":[{"embeddable":true,"href":"https:\/\/klemenb.bplaced.net\/01_SPDKOCNA\/wp-json\/wp\/v2\/users\/1"}],"replies":[{"embeddable":true,"href":"https:\/\/klemenb.bplaced.net\/01_SPDKOCNA\/wp-json\/wp\/v2\/comments?post=773"}],"version-history":[{"count":1,"href":"https:\/\/klemenb.bplaced.net\/01_SPDKOCNA\/wp-json\/wp\/v2\/posts\/773\/revisions"}],"predecessor-version":[{"id":774,"href":"https:\/\/klemenb.bplaced.net\/01_SPDKOCNA\/wp-json\/wp\/v2\/posts\/773\/revisions\/774"}],"wp:attachment":[{"href":"https:\/\/klemenb.bplaced.net\/01_SPDKOCNA\/wp-json\/wp\/v2\/media?parent=773"}],"wp:term":[{"taxonomy":"category","embeddable":true,"href":"https:\/\/klemenb.bplaced.net\/01_SPDKOCNA\/wp-json\/wp\/v2\/categories?post=773"},{"taxonomy":"post_tag","embeddable":true,"href":"https:\/\/klemenb.bplaced.net\/01_SPDKOCNA\/wp-json\/wp\/v2\/tags?post=773"}],"curies":[{"name":"wp","href":"https:\/\/api.w.org\/{rel}","templated":true}]}}