{"id":763,"date":"2023-07-07T17:03:46","date_gmt":"2023-07-07T15:03:46","guid":{"rendered":"https:\/\/klemenb.bplaced.net\/01_SPDKOCNA\/?p=763"},"modified":"2023-07-07T17:06:53","modified_gmt":"2023-07-07T15:06:53","slug":"prireditve-6","status":"publish","type":"post","link":"https:\/\/klemenb.bplaced.net\/01_SPDKOCNA\/prireditve-6\/","title":{"rendered":"Prireditve"},"content":{"rendered":"\n<p>Obiskovalci so v ateljejih ves teden dobrodo\u0161li!<br><br><strong>NEDELJA | 16. 7. | 18.00<\/strong><br>ODPRTJE SLIKARSKEGA TEDNA <br>Predstavitev umetnic in umetnikov<br><br><strong>Glasbeni okvir <\/strong><br>\u017denski zbor Ko\u010dna <br>Galerija Gor\u0161e<br><br><strong>TOREK | 18. 7. | 18.00<\/strong><br>DRU\u017dABNI VE\u010cER Z DRU\u0160TVENIM PIKNIKOM <br>na Vrbnikovem vrtu pred galerijo Gor\u0161e<br><br><strong>\u010cETRTEK | 20. 7. | 20.00<\/strong><br>JAZZ KONCERT \u2013 SUPER DUO<br>Ton\u010d Feinig in Primus Sitter<br>Ton\u010d Feinig \u2013 klavir in vokal Primus Sitter \u2013 kitara<br><br><strong>SOBOTA | 22. 7. | 18.00<\/strong><br>ZAKLJU\u010cEK 41. SLIKARSKEGA TEDNA S PREDSTAVITVIJO UMETNIN<br>ob 18. uri<br>Einspielerjev center, Sve\u010de 44<br>Ob slabem vremenu so prireditve lahko v Einspielerjevem centru, Sve\u010de 44.<\/p>\n","protected":false},"excerpt":{"rendered":"<p>Obiskovalci so v ateljejih ves teden dobrodo\u0161li! NEDELJA | 16. 7. | 18.00ODPRTJE SLIKARSKEGA TEDNA Predstavitev umetnic in umetnikov Glasbeni okvir \u017denski zbor Ko\u010dna Galerija Gor\u0161e TOREK | 18. 7. | 18.00DRU\u017dABNI VE\u010cER Z DRU\u0160TVENIM PIKNIKOM na Vrbnikovem vrtu pred galerijo Gor\u0161e \u010cETRTEK | 20. 7. | 20.00JAZZ KONCERT \u2013 SUPER DUOTon\u010d Feinig in Primus&#8230;<\/p>\n","protected":false},"author":1,"featured_media":0,"comment_status":"closed","ping_status":"open","sticky":false,"template":"","format":"standard","meta":{"footnotes":""},"categories":[130],"tags":[221],"class_list":["post-763","post","type-post","status-publish","format-standard","hentry","category-slikarski-teden","tag-41-slikarski-teden-2023"],"_links":{"self":[{"href":"https:\/\/klemenb.bplaced.net\/01_SPDKOCNA\/wp-json\/wp\/v2\/posts\/763","targetHints":{"allow":["GET"]}}],"collection":[{"href":"https:\/\/klemenb.bplaced.net\/01_SPDKOCNA\/wp-json\/wp\/v2\/posts"}],"about":[{"href":"https:\/\/klemenb.bplaced.net\/01_SPDKOCNA\/wp-json\/wp\/v2\/types\/post"}],"author":[{"embeddable":true,"href":"https:\/\/klemenb.bplaced.net\/01_SPDKOCNA\/wp-json\/wp\/v2\/users\/1"}],"replies":[{"embeddable":true,"href":"https:\/\/klemenb.bplaced.net\/01_SPDKOCNA\/wp-json\/wp\/v2\/comments?post=763"}],"version-history":[{"count":2,"href":"https:\/\/klemenb.bplaced.net\/01_SPDKOCNA\/wp-json\/wp\/v2\/posts\/763\/revisions"}],"predecessor-version":[{"id":768,"href":"https:\/\/klemenb.bplaced.net\/01_SPDKOCNA\/wp-json\/wp\/v2\/posts\/763\/revisions\/768"}],"wp:attachment":[{"href":"https:\/\/klemenb.bplaced.net\/01_SPDKOCNA\/wp-json\/wp\/v2\/media?parent=763"}],"wp:term":[{"taxonomy":"category","embeddable":true,"href":"https:\/\/klemenb.bplaced.net\/01_SPDKOCNA\/wp-json\/wp\/v2\/categories?post=763"},{"taxonomy":"post_tag","embeddable":true,"href":"https:\/\/klemenb.bplaced.net\/01_SPDKOCNA\/wp-json\/wp\/v2\/tags?post=763"}],"curies":[{"name":"wp","href":"https:\/\/api.w.org\/{rel}","templated":true}]}}