{"id":739,"date":"2022-07-12T21:36:03","date_gmt":"2022-07-12T19:36:03","guid":{"rendered":"https:\/\/klemenb.bplaced.net\/01_SPDKOCNA\/?p=739"},"modified":"2023-07-11T19:09:47","modified_gmt":"2023-07-11T17:09:47","slug":"zenita-komad-aut-2022","status":"publish","type":"post","link":"https:\/\/klemenb.bplaced.net\/01_SPDKOCNA\/zenita-komad-aut-2022\/","title":{"rendered":"Zenita Komad (AUT-2022)"},"content":{"rendered":"\n<figure class=\"wp-block-image size-large\"><img loading=\"lazy\" decoding=\"async\" width=\"668\" height=\"1024\" src=\"https:\/\/klemenb.bplaced.net\/01_SPDKOCNA\/wp-content\/uploads\/2022\/07\/Zenita-Komad-668x1024.jpg\" alt=\"\u00a9 Zenita Komad\" class=\"wp-image-741\" srcset=\"https:\/\/klemenb.bplaced.net\/01_SPDKOCNA\/wp-content\/uploads\/2022\/07\/Zenita-Komad-668x1024.jpg 668w, https:\/\/klemenb.bplaced.net\/01_SPDKOCNA\/wp-content\/uploads\/2022\/07\/Zenita-Komad-196x300.jpg 196w, https:\/\/klemenb.bplaced.net\/01_SPDKOCNA\/wp-content\/uploads\/2022\/07\/Zenita-Komad-768x1178.jpg 768w, https:\/\/klemenb.bplaced.net\/01_SPDKOCNA\/wp-content\/uploads\/2022\/07\/Zenita-Komad.jpg 810w\" sizes=\"auto, (max-width: 668px) 100vw, 668px\" \/><figcaption class=\"wp-element-caption\">\u00a9 Zenita Komad<\/figcaption><\/figure>\n\n\n\n<p>\u0160tudirala je na Visoki \u0161oli za uporabno umetnost in na Akademiji za likovno umetnost na Dunaju. Njeno ustvarjanje obsega bogat razpon od risb predmetov do slik objektov, scenskih uprizoritev in obse\u017enih instalacij. V delih se prepletajo duhovne vsebine, humor in kompleksne miselne strukture, ki vedno znova presegajo okvir slikarskega prostora in odpirajo eksistencial- ne razse\u017enosti. \u017divi in dela na Koro\u0161kem.<\/p>\n","protected":false},"excerpt":{"rendered":"<p>\u0160tudirala je na Visoki \u0161oli za uporabno umetnost in na Akademiji za likovno umetnost na Dunaju. Njeno ustvarjanje obsega bogat razpon od risb predmetov do slik objektov, scenskih uprizoritev in obse\u017enih instalacij. V delih se prepletajo duhovne vsebine, humor in kompleksne miselne strukture, ki vedno znova presegajo okvir slikarskega prostora in odpirajo eksistencial- ne razse\u017enosti&#8230;.<\/p>\n","protected":false},"author":1,"featured_media":0,"comment_status":"open","ping_status":"open","sticky":false,"template":"","format":"standard","meta":{"footnotes":""},"categories":[130],"tags":[197,138],"class_list":["post-739","post","type-post","status-publish","format-standard","hentry","category-slikarski-teden","tag-40-slikarski-teden-2022","tag-umetnik-umetnica-slikarskega-tedna"],"_links":{"self":[{"href":"https:\/\/klemenb.bplaced.net\/01_SPDKOCNA\/wp-json\/wp\/v2\/posts\/739","targetHints":{"allow":["GET"]}}],"collection":[{"href":"https:\/\/klemenb.bplaced.net\/01_SPDKOCNA\/wp-json\/wp\/v2\/posts"}],"about":[{"href":"https:\/\/klemenb.bplaced.net\/01_SPDKOCNA\/wp-json\/wp\/v2\/types\/post"}],"author":[{"embeddable":true,"href":"https:\/\/klemenb.bplaced.net\/01_SPDKOCNA\/wp-json\/wp\/v2\/users\/1"}],"replies":[{"embeddable":true,"href":"https:\/\/klemenb.bplaced.net\/01_SPDKOCNA\/wp-json\/wp\/v2\/comments?post=739"}],"version-history":[{"count":3,"href":"https:\/\/klemenb.bplaced.net\/01_SPDKOCNA\/wp-json\/wp\/v2\/posts\/739\/revisions"}],"predecessor-version":[{"id":823,"href":"https:\/\/klemenb.bplaced.net\/01_SPDKOCNA\/wp-json\/wp\/v2\/posts\/739\/revisions\/823"}],"wp:attachment":[{"href":"https:\/\/klemenb.bplaced.net\/01_SPDKOCNA\/wp-json\/wp\/v2\/media?parent=739"}],"wp:term":[{"taxonomy":"category","embeddable":true,"href":"https:\/\/klemenb.bplaced.net\/01_SPDKOCNA\/wp-json\/wp\/v2\/categories?post=739"},{"taxonomy":"post_tag","embeddable":true,"href":"https:\/\/klemenb.bplaced.net\/01_SPDKOCNA\/wp-json\/wp\/v2\/tags?post=739"}],"curies":[{"name":"wp","href":"https:\/\/api.w.org\/{rel}","templated":true}]}}