{"id":731,"date":"2022-07-12T21:32:29","date_gmt":"2022-07-12T19:32:29","guid":{"rendered":"https:\/\/klemenb.bplaced.net\/01_SPDKOCNA\/?p=731"},"modified":"2022-07-12T21:32:30","modified_gmt":"2022-07-12T19:32:30","slug":"verena-gotthardt-aut-2022","status":"publish","type":"post","link":"https:\/\/klemenb.bplaced.net\/01_SPDKOCNA\/verena-gotthardt-aut-2022\/","title":{"rendered":"Verena Gotthardt (AUT-2022)"},"content":{"rendered":"\n<figure class=\"wp-block-image size-large\"><img loading=\"lazy\" decoding=\"async\" width=\"682\" height=\"1024\" src=\"https:\/\/klemenb.bplaced.net\/01_SPDKOCNA\/wp-content\/uploads\/2022\/07\/Verena-Gotthardt-682x1024.jpg\" alt=\"\u00a9 Verena Gotthardt\" class=\"wp-image-730\" srcset=\"https:\/\/klemenb.bplaced.net\/01_SPDKOCNA\/wp-content\/uploads\/2022\/07\/Verena-Gotthardt-682x1024.jpg 682w, https:\/\/klemenb.bplaced.net\/01_SPDKOCNA\/wp-content\/uploads\/2022\/07\/Verena-Gotthardt-200x300.jpg 200w, https:\/\/klemenb.bplaced.net\/01_SPDKOCNA\/wp-content\/uploads\/2022\/07\/Verena-Gotthardt-768x1152.jpg 768w, https:\/\/klemenb.bplaced.net\/01_SPDKOCNA\/wp-content\/uploads\/2022\/07\/Verena-Gotthardt-1024x1536.jpg 1024w, https:\/\/klemenb.bplaced.net\/01_SPDKOCNA\/wp-content\/uploads\/2022\/07\/Verena-Gotthardt.jpg 1333w\" sizes=\"auto, (max-width: 682px) 100vw, 682px\" \/><figcaption>\u00a9 Verena Gotthardt<\/figcaption><\/figure>\n\n\n\n<p>\u0160tudirala je fotografijo in uporabno umetnost na Univerzi za uporabno umetnost na Dunaju in na umetni\u0161ki univerzi v Parizu. Leta 2016 je prejela nagrado za literaturo de\u017eele Koro\u0161ke. Leta 2017 je razstavljala z razredom Gabriele Rothemann v okviru Dokumenta 14 v Atenah. V svojem umetni\u0161kem ustvarjanju se ukvarja z razli\u010dnimi mo\u017enostmi povezovanja fotografije in literature. \u017divi in ustvarja na Dunaju.<\/p>\n","protected":false},"excerpt":{"rendered":"<p>\u0160tudirala je fotografijo in uporabno umetnost na Univerzi za uporabno umetnost na Dunaju in na umetni\u0161ki univerzi v Parizu. Leta 2016 je prejela nagrado za literaturo de\u017eele Koro\u0161ke. Leta 2017 je razstavljala z razredom Gabriele Rothemann v okviru Dokumenta 14 v Atenah. V svojem umetni\u0161kem ustvarjanju se ukvarja z razli\u010dnimi mo\u017enostmi povezovanja fotografije in literature&#8230;.<\/p>\n","protected":false},"author":1,"featured_media":0,"comment_status":"open","ping_status":"open","sticky":false,"template":"","format":"standard","meta":{"footnotes":""},"categories":[130],"tags":[197,138],"class_list":["post-731","post","type-post","status-publish","format-standard","hentry","category-slikarski-teden","tag-40-slikarski-teden-2022","tag-umetnik-umetnica-slikarskega-tedna"],"_links":{"self":[{"href":"https:\/\/klemenb.bplaced.net\/01_SPDKOCNA\/wp-json\/wp\/v2\/posts\/731","targetHints":{"allow":["GET"]}}],"collection":[{"href":"https:\/\/klemenb.bplaced.net\/01_SPDKOCNA\/wp-json\/wp\/v2\/posts"}],"about":[{"href":"https:\/\/klemenb.bplaced.net\/01_SPDKOCNA\/wp-json\/wp\/v2\/types\/post"}],"author":[{"embeddable":true,"href":"https:\/\/klemenb.bplaced.net\/01_SPDKOCNA\/wp-json\/wp\/v2\/users\/1"}],"replies":[{"embeddable":true,"href":"https:\/\/klemenb.bplaced.net\/01_SPDKOCNA\/wp-json\/wp\/v2\/comments?post=731"}],"version-history":[{"count":1,"href":"https:\/\/klemenb.bplaced.net\/01_SPDKOCNA\/wp-json\/wp\/v2\/posts\/731\/revisions"}],"predecessor-version":[{"id":732,"href":"https:\/\/klemenb.bplaced.net\/01_SPDKOCNA\/wp-json\/wp\/v2\/posts\/731\/revisions\/732"}],"wp:attachment":[{"href":"https:\/\/klemenb.bplaced.net\/01_SPDKOCNA\/wp-json\/wp\/v2\/media?parent=731"}],"wp:term":[{"taxonomy":"category","embeddable":true,"href":"https:\/\/klemenb.bplaced.net\/01_SPDKOCNA\/wp-json\/wp\/v2\/categories?post=731"},{"taxonomy":"post_tag","embeddable":true,"href":"https:\/\/klemenb.bplaced.net\/01_SPDKOCNA\/wp-json\/wp\/v2\/tags?post=731"}],"curies":[{"name":"wp","href":"https:\/\/api.w.org\/{rel}","templated":true}]}}