{"id":714,"date":"2022-07-12T21:20:38","date_gmt":"2022-07-12T19:20:38","guid":{"rendered":"https:\/\/klemenb.bplaced.net\/01_SPDKOCNA\/?p=714"},"modified":"2022-07-12T21:20:40","modified_gmt":"2022-07-12T19:20:40","slug":"elena-rucli-ita-2022","status":"publish","type":"post","link":"https:\/\/klemenb.bplaced.net\/01_SPDKOCNA\/elena-rucli-ita-2022\/","title":{"rendered":"Elena Rucli (ITA-2022)"},"content":{"rendered":"\n<figure class=\"wp-block-image size-large\"><img loading=\"lazy\" decoding=\"async\" width=\"1024\" height=\"724\" src=\"https:\/\/klemenb.bplaced.net\/01_SPDKOCNA\/wp-content\/uploads\/2022\/07\/Elena_Rucli-Erbe-1024x724.jpg\" alt=\"Elena Rucli\" class=\"wp-image-712\" srcset=\"https:\/\/klemenb.bplaced.net\/01_SPDKOCNA\/wp-content\/uploads\/2022\/07\/Elena_Rucli-Erbe-1024x724.jpg 1024w, https:\/\/klemenb.bplaced.net\/01_SPDKOCNA\/wp-content\/uploads\/2022\/07\/Elena_Rucli-Erbe-300x212.jpg 300w, https:\/\/klemenb.bplaced.net\/01_SPDKOCNA\/wp-content\/uploads\/2022\/07\/Elena_Rucli-Erbe-768x543.jpg 768w, https:\/\/klemenb.bplaced.net\/01_SPDKOCNA\/wp-content\/uploads\/2022\/07\/Elena_Rucli-Erbe.jpg 1400w\" sizes=\"auto, (max-width: 1024px) 100vw, 1024px\" \/><figcaption>\u00a9 Elena Rucli<\/figcaption><\/figure>\n\n\n\n<p>Diplomirala je na Fakulteti za arhitekturo IUAV v Benetkah. Je \u010dlanica kulturnega kolektiva Robida, ki \u017eivi in deluje v vasi Topolovo v Bene\u010diji. Poleg arhi- tekture rada ri\u0161e. Najraje ima preproste \u010drne \u010drte na belem ozadju. V svojih delih se ukvarja s projektiran- jem in prostori, resni\u010dnimi in imaginarnimi, ter na- ravo. Njena dela so razstavljali v Topolovem, Vidmu, Milanu, Rimu in Amsterdamu.<\/p>\n","protected":false},"excerpt":{"rendered":"<p>Diplomirala je na Fakulteti za arhitekturo IUAV v Benetkah. Je \u010dlanica kulturnega kolektiva Robida, ki \u017eivi in deluje v vasi Topolovo v Bene\u010diji. Poleg arhi- tekture rada ri\u0161e. Najraje ima preproste \u010drne \u010drte na belem ozadju. V svojih delih se ukvarja s projektiran- jem in prostori, resni\u010dnimi in imaginarnimi, ter na- ravo. Njena dela so&#8230;<\/p>\n","protected":false},"author":1,"featured_media":0,"comment_status":"open","ping_status":"open","sticky":false,"template":"","format":"standard","meta":{"footnotes":""},"categories":[130],"tags":[197,138],"class_list":["post-714","post","type-post","status-publish","format-standard","hentry","category-slikarski-teden","tag-40-slikarski-teden-2022","tag-umetnik-umetnica-slikarskega-tedna"],"_links":{"self":[{"href":"https:\/\/klemenb.bplaced.net\/01_SPDKOCNA\/wp-json\/wp\/v2\/posts\/714","targetHints":{"allow":["GET"]}}],"collection":[{"href":"https:\/\/klemenb.bplaced.net\/01_SPDKOCNA\/wp-json\/wp\/v2\/posts"}],"about":[{"href":"https:\/\/klemenb.bplaced.net\/01_SPDKOCNA\/wp-json\/wp\/v2\/types\/post"}],"author":[{"embeddable":true,"href":"https:\/\/klemenb.bplaced.net\/01_SPDKOCNA\/wp-json\/wp\/v2\/users\/1"}],"replies":[{"embeddable":true,"href":"https:\/\/klemenb.bplaced.net\/01_SPDKOCNA\/wp-json\/wp\/v2\/comments?post=714"}],"version-history":[{"count":1,"href":"https:\/\/klemenb.bplaced.net\/01_SPDKOCNA\/wp-json\/wp\/v2\/posts\/714\/revisions"}],"predecessor-version":[{"id":715,"href":"https:\/\/klemenb.bplaced.net\/01_SPDKOCNA\/wp-json\/wp\/v2\/posts\/714\/revisions\/715"}],"wp:attachment":[{"href":"https:\/\/klemenb.bplaced.net\/01_SPDKOCNA\/wp-json\/wp\/v2\/media?parent=714"}],"wp:term":[{"taxonomy":"category","embeddable":true,"href":"https:\/\/klemenb.bplaced.net\/01_SPDKOCNA\/wp-json\/wp\/v2\/categories?post=714"},{"taxonomy":"post_tag","embeddable":true,"href":"https:\/\/klemenb.bplaced.net\/01_SPDKOCNA\/wp-json\/wp\/v2\/tags?post=714"}],"curies":[{"name":"wp","href":"https:\/\/api.w.org\/{rel}","templated":true}]}}