{"id":690,"date":"2022-07-12T21:04:21","date_gmt":"2022-07-12T19:04:21","guid":{"rendered":"https:\/\/klemenb.bplaced.net\/01_SPDKOCNA\/?p=690"},"modified":"2022-07-12T21:46:12","modified_gmt":"2022-07-12T19:46:12","slug":"dariia-kuzmych","status":"publish","type":"post","link":"https:\/\/klemenb.bplaced.net\/01_SPDKOCNA\/dariia-kuzmych\/","title":{"rendered":"Dariia Kuzmych (UKR-2022)"},"content":{"rendered":"\n<figure class=\"wp-block-image size-large\"><img loading=\"lazy\" decoding=\"async\" width=\"683\" height=\"1024\" src=\"https:\/\/klemenb.bplaced.net\/01_SPDKOCNA\/wp-content\/uploads\/2022\/07\/1.fragment-2oksanameister_800-683x1024.jpeg\" alt=\"A DISTRESSING IMAGE AFTER A SUDDEN INTERRUPTION OF MOVEMENT: AN IMAGE OF TIME, Mixed media installation, dimensions variable, 2021, photo: Oksana Meister\" class=\"wp-image-694\" srcset=\"https:\/\/klemenb.bplaced.net\/01_SPDKOCNA\/wp-content\/uploads\/2022\/07\/1.fragment-2oksanameister_800-683x1024.jpeg 683w, https:\/\/klemenb.bplaced.net\/01_SPDKOCNA\/wp-content\/uploads\/2022\/07\/1.fragment-2oksanameister_800-200x300.jpeg 200w, https:\/\/klemenb.bplaced.net\/01_SPDKOCNA\/wp-content\/uploads\/2022\/07\/1.fragment-2oksanameister_800-768x1152.jpeg 768w, https:\/\/klemenb.bplaced.net\/01_SPDKOCNA\/wp-content\/uploads\/2022\/07\/1.fragment-2oksanameister_800.jpeg 800w\" sizes=\"auto, (max-width: 683px) 100vw, 683px\" \/><figcaption>\u00a9 Dariia Kuzmych, fotografija: Oksana Meister<\/figcaption><\/figure>\n\n\n\n<p>Diplomirala je iz monumentalnega slikarstva na Akademiji za likovno umetnost v Kijivu in magistrirala iz medijske umetnosti na Univerzi umetnosti Berlin. Uporablja tehnike risbe, animacije, instalacije in multimedijskih praks. Obravnava razli\u010dne vidike zaznavanja \u010dasa in travm. Ukvarja se z umetnostjo v javnem prostoru v Traiskirchnu. V Avstriji je bivala v ve\u010d rezidencah. Trenutno \u017eivi in dela v Kijivu in Berlinu.<\/p>\n","protected":false},"excerpt":{"rendered":"<p>Diplomirala je iz monumentalnega slikarstva na Akademiji za likovno umetnost v Kijivu in magistrirala iz medijske umetnosti na Univerzi umetnosti Berlin. Uporablja tehnike risbe, animacije, instalacije in multimedijskih praks. Obravnava razli\u010dne vidike zaznavanja \u010dasa in travm. Ukvarja se z umetnostjo v javnem prostoru v Traiskirchnu. V Avstriji je bivala v ve\u010d rezidencah. Trenutno \u017eivi in&#8230;<\/p>\n","protected":false},"author":1,"featured_media":0,"comment_status":"open","ping_status":"open","sticky":false,"template":"","format":"standard","meta":{"footnotes":""},"categories":[130],"tags":[197,138],"class_list":["post-690","post","type-post","status-publish","format-standard","hentry","category-slikarski-teden","tag-40-slikarski-teden-2022","tag-umetnik-umetnica-slikarskega-tedna"],"_links":{"self":[{"href":"https:\/\/klemenb.bplaced.net\/01_SPDKOCNA\/wp-json\/wp\/v2\/posts\/690","targetHints":{"allow":["GET"]}}],"collection":[{"href":"https:\/\/klemenb.bplaced.net\/01_SPDKOCNA\/wp-json\/wp\/v2\/posts"}],"about":[{"href":"https:\/\/klemenb.bplaced.net\/01_SPDKOCNA\/wp-json\/wp\/v2\/types\/post"}],"author":[{"embeddable":true,"href":"https:\/\/klemenb.bplaced.net\/01_SPDKOCNA\/wp-json\/wp\/v2\/users\/1"}],"replies":[{"embeddable":true,"href":"https:\/\/klemenb.bplaced.net\/01_SPDKOCNA\/wp-json\/wp\/v2\/comments?post=690"}],"version-history":[{"count":4,"href":"https:\/\/klemenb.bplaced.net\/01_SPDKOCNA\/wp-json\/wp\/v2\/posts\/690\/revisions"}],"predecessor-version":[{"id":749,"href":"https:\/\/klemenb.bplaced.net\/01_SPDKOCNA\/wp-json\/wp\/v2\/posts\/690\/revisions\/749"}],"wp:attachment":[{"href":"https:\/\/klemenb.bplaced.net\/01_SPDKOCNA\/wp-json\/wp\/v2\/media?parent=690"}],"wp:term":[{"taxonomy":"category","embeddable":true,"href":"https:\/\/klemenb.bplaced.net\/01_SPDKOCNA\/wp-json\/wp\/v2\/categories?post=690"},{"taxonomy":"post_tag","embeddable":true,"href":"https:\/\/klemenb.bplaced.net\/01_SPDKOCNA\/wp-json\/wp\/v2\/tags?post=690"}],"curies":[{"name":"wp","href":"https:\/\/api.w.org\/{rel}","templated":true}]}}