{"id":686,"date":"2022-07-12T20:40:55","date_gmt":"2022-07-12T18:40:55","guid":{"rendered":"https:\/\/klemenb.bplaced.net\/01_SPDKOCNA\/?p=686"},"modified":"2022-07-12T20:41:22","modified_gmt":"2022-07-12T18:41:22","slug":"kreativ-workshop-5","status":"publish","type":"post","link":"https:\/\/klemenb.bplaced.net\/01_SPDKOCNA\/de\/kreativ-workshop-5\/","title":{"rendered":"Kreativ-Workshop"},"content":{"rendered":"\n<p><strong>Sabine Jobst-Ofner<\/strong><br>Geboren 1965 in Ingolstadt, seit 1986 in K\u00e4rnten Volksschullehrerin, Kinderg\u00e4rtnerin mit Montessori-Diplom, Studium Elementare Musikp\u00e4dagogik an der Kunstuniv. Graz, 15 Jahre Leitung eines privaten Malateliers nach Arno Stern in Klagenfurt.<br><br><strong>Workshop \u201eDer Weg zur nat\u00fcrlichen Spur- Ausdrucksmalen nach Arno Stern\u201c <\/strong><br>f\u00fcr Kinder und Jugendliche<br>In einem gesch\u00fctzten Malraum wird stehend an den W\u00e4nden mit hochwertigen Feehaarpinseln ohne Themenvorgabe und Interpretation der Bilder in einer ruhigen Atmosph\u00e4re mit klaren Regeln gemalt. <br>Die wert &#8211; und konkurrenzfreien Umgebung bietet den Malenden die Chance, den eigenen Ausdruck, \u201edie nat\u00fcrliche Spur\u201c zu finden und auf gro\u00dfformatigem Papier ureigene Themen entstehen zu lassen.<br>Mitzubringen: Malkittel oder altes T-Shirt, Entdeckerfreude auf der Reise ins eigene Innere<br>Altersgruppe: 5 \u2013 16 Jahre<br>Dauer: 75 Minuten pro Veranstaltungstag ,<br>Mittwoch und Donnerstag, 10:00 <br>Materialbeitrag: 15 Euro f\u00fcr beide Tage Kursbeitrag: 25 Euro f\u00fcr beide Tage<br><br><strong>Workshop \u201eDer Weg zur nat\u00fcrlichen Spur- Ausdrucksmalen nach Arno Stern\u201c <\/strong><br>f\u00fcr Erwachsene<br>Jeder Mensch kann malen und den Zugang zum Ursprung seiner Kreativit\u00e4t in sich entdecken.<br>Das Ausdrucksmalen nach Arno Stern bietet einen gesch\u00fctzten Rahmen, um mit sich selbst in einen inneren Dialog zu treten und die eigenen Themen stehend an einer Malwand auf gro\u00dfformatigem Papier mit hochwertigem Material auszudr\u00fccken. Dies geschieht in einer bewertungsfreien und entspannten Atmosph\u00e4re. Ohne jegliche Vorkenntnisse kann jeder in diese freie Art des Malens eintauchen, frei von \u00e4u\u00dferen Erwartungen und Leistungsdruck. Die wohltuende Umgebung und das Entdecken der nat\u00fcrlichen Spur ist Balsam f\u00fcr die Seele.<br>Mitzubringen: Malkittel oder altes T-Shirt, Entdeckerfreude auf der Reise ins eigene Innere<br>Altersgruppe: 18 +<br>Dauer: 90 Minuten pro Veranstaltungstag,<br>Mittwoch und Donnerstag, 14:00 Materialbeitrag: 10 Euro\/Tag Kursbeitrag: 40 Euro f\u00fcr beide Tage<br><br><strong>Um rechtzeitige Anmeldung wird gebeten<\/strong><br>0043 (0)650 50 590 05, office@kocna.at<\/p>\n","protected":false},"excerpt":{"rendered":"<p>Sabine Jobst-OfnerGeboren 1965 in Ingolstadt, seit 1986 in K\u00e4rnten Volksschullehrerin, Kinderg\u00e4rtnerin mit Montessori-Diplom, Studium Elementare Musikp\u00e4dagogik an der Kunstuniv. Graz, 15 Jahre Leitung eines privaten Malateliers nach Arno Stern in Klagenfurt. Workshop \u201eDer Weg zur nat\u00fcrlichen Spur- Ausdrucksmalen nach Arno Stern\u201c f\u00fcr Kinder und JugendlicheIn einem gesch\u00fctzten Malraum wird stehend an den W\u00e4nden mit hochwertigen&#8230;<\/p>\n","protected":false},"author":1,"featured_media":0,"comment_status":"open","ping_status":"open","sticky":false,"template":"","format":"standard","meta":{"footnotes":""},"categories":[132],"tags":[199],"class_list":["post-686","post","type-post","status-publish","format-standard","hentry","category-malerwoche","tag-40-malerwoche-2022"],"_links":{"self":[{"href":"https:\/\/klemenb.bplaced.net\/01_SPDKOCNA\/wp-json\/wp\/v2\/posts\/686","targetHints":{"allow":["GET"]}}],"collection":[{"href":"https:\/\/klemenb.bplaced.net\/01_SPDKOCNA\/wp-json\/wp\/v2\/posts"}],"about":[{"href":"https:\/\/klemenb.bplaced.net\/01_SPDKOCNA\/wp-json\/wp\/v2\/types\/post"}],"author":[{"embeddable":true,"href":"https:\/\/klemenb.bplaced.net\/01_SPDKOCNA\/wp-json\/wp\/v2\/users\/1"}],"replies":[{"embeddable":true,"href":"https:\/\/klemenb.bplaced.net\/01_SPDKOCNA\/wp-json\/wp\/v2\/comments?post=686"}],"version-history":[{"count":2,"href":"https:\/\/klemenb.bplaced.net\/01_SPDKOCNA\/wp-json\/wp\/v2\/posts\/686\/revisions"}],"predecessor-version":[{"id":688,"href":"https:\/\/klemenb.bplaced.net\/01_SPDKOCNA\/wp-json\/wp\/v2\/posts\/686\/revisions\/688"}],"wp:attachment":[{"href":"https:\/\/klemenb.bplaced.net\/01_SPDKOCNA\/wp-json\/wp\/v2\/media?parent=686"}],"wp:term":[{"taxonomy":"category","embeddable":true,"href":"https:\/\/klemenb.bplaced.net\/01_SPDKOCNA\/wp-json\/wp\/v2\/categories?post=686"},{"taxonomy":"post_tag","embeddable":true,"href":"https:\/\/klemenb.bplaced.net\/01_SPDKOCNA\/wp-json\/wp\/v2\/tags?post=686"}],"curies":[{"name":"wp","href":"https:\/\/api.w.org\/{rel}","templated":true}]}}