{"id":684,"date":"2022-07-12T20:38:10","date_gmt":"2022-07-12T18:38:10","guid":{"rendered":"https:\/\/klemenb.bplaced.net\/01_SPDKOCNA\/?p=684"},"modified":"2022-07-12T20:41:41","modified_gmt":"2022-07-12T18:41:41","slug":"ustvarjalna-delavnica-5","status":"publish","type":"post","link":"https:\/\/klemenb.bplaced.net\/01_SPDKOCNA\/ustvarjalna-delavnica-5\/","title":{"rendered":"Ustvarjalna delavnica"},"content":{"rendered":"\n<p><strong>Sabine Jobst-Ofner<\/strong><br>Rojena leta 1965 v Ingolstadtu, v Gradcu je \u0161tudirala elementarno glasbeno pedagogiko. Od leta 1986 \u017eivi in dela na Koro\u0161kem kot u\u010diteljica v ljudski \u0161oli in vzgojiteljica v vrtcu Montessori. Petnajst let vodi zasebni slikarski atelje v Celovcu po metodi Arna Sterna.<br><br><strong>Delavnica \u00bbPot k naravni sledi \u2013 izrazno slikanje po metodi Arna Sterna\u00ab <\/strong><br>za otroke in mladino<br>V varnem prostoru za risanje, v mirnem vzdu\u0161ju in z jasnimi pravili bodo udele\u017eenci stoje slikali na papirju velikega formata s kakovostnimi finimi \u010dopi\u010di brez dane teme in razlage slik. Okolje, ki ne ocenjuje in ni tekmovalno, daje udele\u017eencem mo\u017enost, da najdejo lastni izraz, \u00bbnaravno sled\u00ab in da oblikujejo lastne teme.<br>Prinesite: haljo ali staro majico, veselje do odkrivanja lastne notranjosti<br>Starost: od 5 do 16 let<br>Trajanje: 75 minut, sreda in \u010detrtek, 10.00<br>Prispevek za material: 15 EUR za oba dneva Prispevek za te\u010daj: 25 EUR za oba dneva<br><br><strong>Delavnica \u00bbPot k naravni sledi \u2013 izrazno slikanje po metodi Arna Sterna\u00ab <\/strong><br>za odrasle<br>Vsak \u010dlovek zna risati in odkrivati v sebi izvor svoje ustvarjalnosti. Izrazno slikanje po metodi Arna Sterna nudi varen okvir, znotraj katerega stopamo v notranji dialog s seboj in stoje izra\u017eamo na papirju velikega formata lastne teme s kakovostnim materialom. To se dogaja v spro\u0161\u010denem, neprisiljenem vzdu\u0161ju. Brez predznanja se lahko vsak poglobi v to svobodno slikanje, brez posebnih pri\u010dakovanj in prisile. Prijetno okolje in odkrivanje naravne sledi je pravi balzam za du\u0161o.<br>Prinesite: haljo ali staro majico, veselje do odkrivanja lastne notranjosti<br>Starost: 18 +<br>Trajanje: 90 minut, sreda in \u010detrtek, 14:00<br>Prispevek za material: 10 EUR\/dan Prispevek za te\u010daj: 40 EUR za oba dneva<br><br><strong>Prosimo za pravo\u010dasno prijavo: Alenka Weber<br><\/strong>0043 (0)650 50 590 05, office@kocna.at<\/p>\n","protected":false},"excerpt":{"rendered":"<p>Sabine Jobst-OfnerRojena leta 1965 v Ingolstadtu, v Gradcu je \u0161tudirala elementarno glasbeno pedagogiko. Od leta 1986 \u017eivi in dela na Koro\u0161kem kot u\u010diteljica v ljudski \u0161oli in vzgojiteljica v vrtcu Montessori. Petnajst let vodi zasebni slikarski atelje v Celovcu po metodi Arna Sterna. Delavnica \u00bbPot k naravni sledi \u2013 izrazno slikanje po metodi Arna Sterna\u00ab&#8230;<\/p>\n","protected":false},"author":1,"featured_media":0,"comment_status":"open","ping_status":"open","sticky":false,"template":"","format":"standard","meta":{"footnotes":""},"categories":[130],"tags":[197],"class_list":["post-684","post","type-post","status-publish","format-standard","hentry","category-slikarski-teden","tag-40-slikarski-teden-2022"],"_links":{"self":[{"href":"https:\/\/klemenb.bplaced.net\/01_SPDKOCNA\/wp-json\/wp\/v2\/posts\/684","targetHints":{"allow":["GET"]}}],"collection":[{"href":"https:\/\/klemenb.bplaced.net\/01_SPDKOCNA\/wp-json\/wp\/v2\/posts"}],"about":[{"href":"https:\/\/klemenb.bplaced.net\/01_SPDKOCNA\/wp-json\/wp\/v2\/types\/post"}],"author":[{"embeddable":true,"href":"https:\/\/klemenb.bplaced.net\/01_SPDKOCNA\/wp-json\/wp\/v2\/users\/1"}],"replies":[{"embeddable":true,"href":"https:\/\/klemenb.bplaced.net\/01_SPDKOCNA\/wp-json\/wp\/v2\/comments?post=684"}],"version-history":[{"count":2,"href":"https:\/\/klemenb.bplaced.net\/01_SPDKOCNA\/wp-json\/wp\/v2\/posts\/684\/revisions"}],"predecessor-version":[{"id":689,"href":"https:\/\/klemenb.bplaced.net\/01_SPDKOCNA\/wp-json\/wp\/v2\/posts\/684\/revisions\/689"}],"wp:attachment":[{"href":"https:\/\/klemenb.bplaced.net\/01_SPDKOCNA\/wp-json\/wp\/v2\/media?parent=684"}],"wp:term":[{"taxonomy":"category","embeddable":true,"href":"https:\/\/klemenb.bplaced.net\/01_SPDKOCNA\/wp-json\/wp\/v2\/categories?post=684"},{"taxonomy":"post_tag","embeddable":true,"href":"https:\/\/klemenb.bplaced.net\/01_SPDKOCNA\/wp-json\/wp\/v2\/tags?post=684"}],"curies":[{"name":"wp","href":"https:\/\/api.w.org\/{rel}","templated":true}]}}