{"id":680,"date":"2022-07-12T20:27:14","date_gmt":"2022-07-12T18:27:14","guid":{"rendered":"https:\/\/klemenb.bplaced.net\/01_SPDKOCNA\/?p=680"},"modified":"2022-07-12T20:27:15","modified_gmt":"2022-07-12T18:27:15","slug":"prireditve-5","status":"publish","type":"post","link":"https:\/\/klemenb.bplaced.net\/01_SPDKOCNA\/prireditve-5\/","title":{"rendered":"Prireditve"},"content":{"rendered":"\n<p>Ves teden so v ateljejih dobrodo\u0161li obiskovalci.<br><br><strong>NEDELJA | 17. 7. | 18.00<\/strong><br>ODPRTJE SLIKARSKEGA TEDNA <br>Predstavitev umetnic in umetnikov<br><br><strong>Glasbeni okvir<\/strong><br>Elias Hafner \u2013 skladatelj in glasbenik<br><br><strong>PONEDELJEK | 18. 7. | 17.00<\/strong><br>RAZSTAVA IN PREDSTAVA ZA OTROKE IN ODRASLE<br>Vabljeni na razstavo originalnih ilustracij slikarke Ejti \u0160tih ob otro\u0161ki pesnitvi <em>Rumi in kapitan<\/em> pesnice in igralke Sa\u0161e Pav\u010dek.<br>V \u017eivo bodo pesnitev in slike predstavili poklicna igralca Sabine in Miha Kristof-Kranzelbinder ter slikarka Ejti \u0160tih. <br><strong>Einspielerjev center, Sve\u010de 44<\/strong><br><br><strong>TOREK | 19. 7. | 18.00<\/strong><br>DRU\u017dABNI VE\u010cER Z DRU\u0160TVENIM PIKNIKOM <br>na Vrbnikovem vrtu pred galerijo Gor\u0161e<br><br><strong>SREDA | 20. 7. | 20.00<\/strong><br>JAZZ KONCERT<br><strong>Ton\u010d Feinig<\/strong> \u2013 e-piano, vokal Edgar Unterkirchner \u2013 saksofon Alen Kov\u0161e \u2013 kitara<br><strong>Jaka Kru\u0161i\u010d<\/strong> \u2013 bas<br><strong>\u017diga Smrdel<\/strong> \u2013 bobni<br><br><strong>SOBOTA | 23. 7. | 18.00<\/strong><br>ZAKLJU\u010cEK 40. SLIKARSKEGA TEDNA S PREDSTAVITVIJO UMETNIN<br>ob 18. uri<br><strong>Einspielerjev center, Sve\u010de 44<\/strong><\/p>\n","protected":false},"excerpt":{"rendered":"<p>Ves teden so v ateljejih dobrodo\u0161li obiskovalci. NEDELJA | 17. 7. | 18.00ODPRTJE SLIKARSKEGA TEDNA Predstavitev umetnic in umetnikov Glasbeni okvirElias Hafner \u2013 skladatelj in glasbenik PONEDELJEK | 18. 7. | 17.00RAZSTAVA IN PREDSTAVA ZA OTROKE IN ODRASLEVabljeni na razstavo originalnih ilustracij slikarke Ejti \u0160tih ob otro\u0161ki pesnitvi Rumi in kapitan pesnice in igralke Sa\u0161e&#8230;<\/p>\n","protected":false},"author":1,"featured_media":0,"comment_status":"open","ping_status":"open","sticky":false,"template":"","format":"standard","meta":{"footnotes":""},"categories":[130],"tags":[197],"class_list":["post-680","post","type-post","status-publish","format-standard","hentry","category-slikarski-teden","tag-40-slikarski-teden-2022"],"_links":{"self":[{"href":"https:\/\/klemenb.bplaced.net\/01_SPDKOCNA\/wp-json\/wp\/v2\/posts\/680","targetHints":{"allow":["GET"]}}],"collection":[{"href":"https:\/\/klemenb.bplaced.net\/01_SPDKOCNA\/wp-json\/wp\/v2\/posts"}],"about":[{"href":"https:\/\/klemenb.bplaced.net\/01_SPDKOCNA\/wp-json\/wp\/v2\/types\/post"}],"author":[{"embeddable":true,"href":"https:\/\/klemenb.bplaced.net\/01_SPDKOCNA\/wp-json\/wp\/v2\/users\/1"}],"replies":[{"embeddable":true,"href":"https:\/\/klemenb.bplaced.net\/01_SPDKOCNA\/wp-json\/wp\/v2\/comments?post=680"}],"version-history":[{"count":1,"href":"https:\/\/klemenb.bplaced.net\/01_SPDKOCNA\/wp-json\/wp\/v2\/posts\/680\/revisions"}],"predecessor-version":[{"id":681,"href":"https:\/\/klemenb.bplaced.net\/01_SPDKOCNA\/wp-json\/wp\/v2\/posts\/680\/revisions\/681"}],"wp:attachment":[{"href":"https:\/\/klemenb.bplaced.net\/01_SPDKOCNA\/wp-json\/wp\/v2\/media?parent=680"}],"wp:term":[{"taxonomy":"category","embeddable":true,"href":"https:\/\/klemenb.bplaced.net\/01_SPDKOCNA\/wp-json\/wp\/v2\/categories?post=680"},{"taxonomy":"post_tag","embeddable":true,"href":"https:\/\/klemenb.bplaced.net\/01_SPDKOCNA\/wp-json\/wp\/v2\/tags?post=680"}],"curies":[{"name":"wp","href":"https:\/\/api.w.org\/{rel}","templated":true}]}}