{"id":623,"date":"2021-07-12T19:34:26","date_gmt":"2021-07-12T17:34:26","guid":{"rendered":"https:\/\/klemenb.bplaced.net\/01_SPDKOCNA\/?p=623"},"modified":"2021-07-12T19:34:28","modified_gmt":"2021-07-12T17:34:28","slug":"iris-andraschek-aut-2021-2","status":"publish","type":"post","link":"https:\/\/klemenb.bplaced.net\/01_SPDKOCNA\/de\/iris-andraschek-aut-2021-2\/","title":{"rendered":"Iris Andraschek (AUT-2021)"},"content":{"rendered":"\n<figure class=\"wp-block-image size-large\"><img loading=\"lazy\" decoding=\"async\" width=\"768\" height=\"1024\" src=\"https:\/\/klemenb.bplaced.net\/01_SPDKOCNA\/wp-content\/uploads\/2021\/07\/Iris-Andraschek-Hidden-2016-768x1024.jpg\" alt=\"\" class=\"wp-image-620\" srcset=\"https:\/\/klemenb.bplaced.net\/01_SPDKOCNA\/wp-content\/uploads\/2021\/07\/Iris-Andraschek-Hidden-2016-768x1024.jpg 768w, https:\/\/klemenb.bplaced.net\/01_SPDKOCNA\/wp-content\/uploads\/2021\/07\/Iris-Andraschek-Hidden-2016-225x300.jpg 225w, https:\/\/klemenb.bplaced.net\/01_SPDKOCNA\/wp-content\/uploads\/2021\/07\/Iris-Andraschek-Hidden-2016-1152x1536.jpg 1152w, https:\/\/klemenb.bplaced.net\/01_SPDKOCNA\/wp-content\/uploads\/2021\/07\/Iris-Andraschek-Hidden-2016.jpg 1500w\" sizes=\"auto, (max-width: 768px) 100vw, 768px\" \/><figcaption>Iris Andraschek, Hidden, 2016<\/figcaption><\/figure>\n\n\n\n<p>Iris Andraschek (1963), Studium an der Akademie der bildenden K\u00fcnste Wien und Freskomalerei in Rom und Bozen. In fotografischen und filmischen Portr\u00e4ts, Zeichnungen, Installationen und tempor\u00e4ren politischen Aktionen sowie permanenten Arbeiten im \u00f6ffentlichen Raum verhandelt sie Erinnerungskultur, die Abh\u00e4ngigkeit und den Austausch von Kategorien des Privaten und \u00d6ffentlichen. Sie lebt und arbeitet in M\u00f6dring und Wien.<\/p>\n","protected":false},"excerpt":{"rendered":"<p>Iris Andraschek (1963), Studium an der Akademie der bildenden K\u00fcnste Wien und Freskomalerei in Rom und Bozen. In fotografischen und filmischen Portr\u00e4ts, Zeichnungen, Installationen und tempor\u00e4ren politischen Aktionen sowie permanenten Arbeiten im \u00f6ffentlichen Raum verhandelt sie Erinnerungskultur, die Abh\u00e4ngigkeit und den Austausch von Kategorien des Privaten und \u00d6ffentlichen. Sie lebt und arbeitet in M\u00f6dring und&#8230;<\/p>\n","protected":false},"author":1,"featured_media":0,"comment_status":"closed","ping_status":"closed","sticky":false,"template":"","format":"standard","meta":{"footnotes":""},"categories":[132],"tags":[178,136],"class_list":["post-623","post","type-post","status-publish","format-standard","hentry","category-malerwoche","tag-39-malerwoche-2021","tag-kuenstler-in-der-malerwoche"],"_links":{"self":[{"href":"https:\/\/klemenb.bplaced.net\/01_SPDKOCNA\/wp-json\/wp\/v2\/posts\/623","targetHints":{"allow":["GET"]}}],"collection":[{"href":"https:\/\/klemenb.bplaced.net\/01_SPDKOCNA\/wp-json\/wp\/v2\/posts"}],"about":[{"href":"https:\/\/klemenb.bplaced.net\/01_SPDKOCNA\/wp-json\/wp\/v2\/types\/post"}],"author":[{"embeddable":true,"href":"https:\/\/klemenb.bplaced.net\/01_SPDKOCNA\/wp-json\/wp\/v2\/users\/1"}],"replies":[{"embeddable":true,"href":"https:\/\/klemenb.bplaced.net\/01_SPDKOCNA\/wp-json\/wp\/v2\/comments?post=623"}],"version-history":[{"count":1,"href":"https:\/\/klemenb.bplaced.net\/01_SPDKOCNA\/wp-json\/wp\/v2\/posts\/623\/revisions"}],"predecessor-version":[{"id":624,"href":"https:\/\/klemenb.bplaced.net\/01_SPDKOCNA\/wp-json\/wp\/v2\/posts\/623\/revisions\/624"}],"wp:attachment":[{"href":"https:\/\/klemenb.bplaced.net\/01_SPDKOCNA\/wp-json\/wp\/v2\/media?parent=623"}],"wp:term":[{"taxonomy":"category","embeddable":true,"href":"https:\/\/klemenb.bplaced.net\/01_SPDKOCNA\/wp-json\/wp\/v2\/categories?post=623"},{"taxonomy":"post_tag","embeddable":true,"href":"https:\/\/klemenb.bplaced.net\/01_SPDKOCNA\/wp-json\/wp\/v2\/tags?post=623"}],"curies":[{"name":"wp","href":"https:\/\/api.w.org\/{rel}","templated":true}]}}