{"id":501,"date":"2019-07-09T07:25:40","date_gmt":"2019-07-09T05:25:40","guid":{"rendered":"http:\/\/klemenb.bplaced.net\/01_SPDKOCNA\/?p=501"},"modified":"2019-07-11T00:42:45","modified_gmt":"2019-07-10T22:42:45","slug":"eugen-hein-slo-2019","status":"publish","type":"post","link":"https:\/\/klemenb.bplaced.net\/01_SPDKOCNA\/eugen-hein-slo-2019\/","title":{"rendered":"Eugen Hein (SLO-2019)"},"content":{"rendered":"\n<figure class=\"wp-block-image\"><img loading=\"lazy\" decoding=\"async\" width=\"1024\" height=\"957\" src=\"https:\/\/klemenb.bplaced.net\/01_SPDKOCNA\/wp-content\/uploads\/2019\/07\/E.H.-TriesteOT_2000_185x200-1024x957.jpg\" alt=\"Eugen Hein, Trieste, 185x200 cm, 2000\" class=\"wp-image-529\" srcset=\"https:\/\/klemenb.bplaced.net\/01_SPDKOCNA\/wp-content\/uploads\/2019\/07\/E.H.-TriesteOT_2000_185x200-1024x957.jpg 1024w, https:\/\/klemenb.bplaced.net\/01_SPDKOCNA\/wp-content\/uploads\/2019\/07\/E.H.-TriesteOT_2000_185x200-300x280.jpg 300w, https:\/\/klemenb.bplaced.net\/01_SPDKOCNA\/wp-content\/uploads\/2019\/07\/E.H.-TriesteOT_2000_185x200-768x718.jpg 768w\" sizes=\"auto, (max-width: 1024px) 100vw, 1024px\" \/><figcaption>Eugen Hein, Trst, 185&#215;200 cm, 2000<\/figcaption><\/figure>\n\n\n\n<p>Rojen leta 1956 v Gradcu. \u0160tudiral je arhitekturo, leta 1976 pa je za\u010del umetni\u0161ko ustvarjati. Leta 2002 sledi vabilu z naslovom \u00bbSlikarstvo v Casi Privati\u00ab avstrijskega paviljona na bene\u0161kem arhitekturnem bienalu. Sledijo pomembnej\u0161a umetni\u0161ka dela na zgradbah v javnem prostoru. Sodeloval je na \u0161tevilnih razstavah mdr. z umetnikoma Herbertom Brandlom in Francem Westom.<\/p>\n","protected":false},"excerpt":{"rendered":"<p>Rojen leta 1956 v Gradcu. \u0160tudiral je arhitekturo, leta 1976 pa je za\u010del umetni\u0161ko ustvarjati. Leta 2002 sledi vabilu z naslovom \u00bbSlikarstvo v Casi Privati\u00ab avstrijskega paviljona na bene\u0161kem arhitekturnem bienalu. Sledijo pomembnej\u0161a umetni\u0161ka dela na zgradbah v javnem prostoru. Sodeloval je na \u0161tevilnih razstavah mdr. z umetnikoma Herbertom Brandlom in Francem Westom.<\/p>\n","protected":false},"author":1,"featured_media":0,"comment_status":"closed","ping_status":"closed","sticky":false,"template":"","format":"standard","meta":{"footnotes":""},"categories":[130],"tags":[156,138],"class_list":["post-501","post","type-post","status-publish","format-standard","hentry","category-slikarski-teden","tag-38-slikarski-teden-2019","tag-umetnik-umetnica-slikarskega-tedna"],"_links":{"self":[{"href":"https:\/\/klemenb.bplaced.net\/01_SPDKOCNA\/wp-json\/wp\/v2\/posts\/501","targetHints":{"allow":["GET"]}}],"collection":[{"href":"https:\/\/klemenb.bplaced.net\/01_SPDKOCNA\/wp-json\/wp\/v2\/posts"}],"about":[{"href":"https:\/\/klemenb.bplaced.net\/01_SPDKOCNA\/wp-json\/wp\/v2\/types\/post"}],"author":[{"embeddable":true,"href":"https:\/\/klemenb.bplaced.net\/01_SPDKOCNA\/wp-json\/wp\/v2\/users\/1"}],"replies":[{"embeddable":true,"href":"https:\/\/klemenb.bplaced.net\/01_SPDKOCNA\/wp-json\/wp\/v2\/comments?post=501"}],"version-history":[{"count":3,"href":"https:\/\/klemenb.bplaced.net\/01_SPDKOCNA\/wp-json\/wp\/v2\/posts\/501\/revisions"}],"predecessor-version":[{"id":544,"href":"https:\/\/klemenb.bplaced.net\/01_SPDKOCNA\/wp-json\/wp\/v2\/posts\/501\/revisions\/544"}],"wp:attachment":[{"href":"https:\/\/klemenb.bplaced.net\/01_SPDKOCNA\/wp-json\/wp\/v2\/media?parent=501"}],"wp:term":[{"taxonomy":"category","embeddable":true,"href":"https:\/\/klemenb.bplaced.net\/01_SPDKOCNA\/wp-json\/wp\/v2\/categories?post=501"},{"taxonomy":"post_tag","embeddable":true,"href":"https:\/\/klemenb.bplaced.net\/01_SPDKOCNA\/wp-json\/wp\/v2\/tags?post=501"}],"curies":[{"name":"wp","href":"https:\/\/api.w.org\/{rel}","templated":true}]}}