{"id":476,"date":"2019-07-09T07:11:35","date_gmt":"2019-07-09T05:11:35","guid":{"rendered":"http:\/\/klemenb.bplaced.net\/01_SPDKOCNA\/?p=476"},"modified":"2021-07-12T18:03:07","modified_gmt":"2021-07-12T16:03:07","slug":"ifigenija-simonovic","status":"publish","type":"post","link":"https:\/\/klemenb.bplaced.net\/01_SPDKOCNA\/ifigenija-simonovic\/","title":{"rendered":"Ifigenija Simonovi\u0107 (SLO-2019)"},"content":{"rendered":"\n<figure class=\"wp-block-image\"><img loading=\"lazy\" decoding=\"async\" width=\"631\" height=\"1024\" src=\"https:\/\/klemenb.bplaced.net\/01_SPDKOCNA\/wp-content\/uploads\/2019\/07\/Ifigenija-Simonovi\u0107-Kamrica-srca-631x1024.jpg\" alt=\"Ifigenija-Simonovi\u0107-Kamrica-srca\" class=\"wp-image-513\" srcset=\"https:\/\/klemenb.bplaced.net\/01_SPDKOCNA\/wp-content\/uploads\/2019\/07\/Ifigenija-Simonovi\u0107-Kamrica-srca-631x1024.jpg 631w, https:\/\/klemenb.bplaced.net\/01_SPDKOCNA\/wp-content\/uploads\/2019\/07\/Ifigenija-Simonovi\u0107-Kamrica-srca-185x300.jpg 185w, https:\/\/klemenb.bplaced.net\/01_SPDKOCNA\/wp-content\/uploads\/2019\/07\/Ifigenija-Simonovi\u0107-Kamrica-srca-768x1247.jpg 768w, https:\/\/klemenb.bplaced.net\/01_SPDKOCNA\/wp-content\/uploads\/2019\/07\/Ifigenija-Simonovi\u0107-Kamrica-srca.jpg 1373w\" sizes=\"auto, (max-width: 631px) 100vw, 631px\" \/><figcaption>Ifigenija Simonovi\u0107, Kamrica srca<\/figcaption><\/figure>\n\n\n\n<p>Ifigenija Simonovi\u0107, rojena leta 1953, pi\u0161e poezijo in eseje. \u0160tudirala je slavistiko in primerjalno knji\u017eevnost v Ljubljani. V Londonu, kjer je \u017eivela trideset let, je \u0161tudirala lon\u010darstvo. Izdala je petnajst pesni\u0161kih zbirk,<br>tri zbirke esejev in nekaj knjig za otroke. \u017divi in dela v Ljubljani. Je tudi predsednica Slovenskega centra PEN.<\/p>\n\n\n\n<p><\/p>\n","protected":false},"excerpt":{"rendered":"<p>Ifigenija Simonovi\u0107, rojena leta 1953, pi\u0161e poezijo in eseje. \u0160tudirala je slavistiko in primerjalno knji\u017eevnost v Ljubljani. V Londonu, kjer je \u017eivela trideset let, je \u0161tudirala lon\u010darstvo. Izdala je petnajst pesni\u0161kih zbirk,tri zbirke esejev in nekaj knjig za otroke. \u017divi in dela v Ljubljani. Je tudi predsednica Slovenskega centra PEN.<\/p>\n","protected":false},"author":1,"featured_media":0,"comment_status":"closed","ping_status":"closed","sticky":false,"template":"","format":"standard","meta":{"footnotes":""},"categories":[130],"tags":[156,138],"class_list":["post-476","post","type-post","status-publish","format-standard","hentry","category-slikarski-teden","tag-38-slikarski-teden-2019","tag-umetnik-umetnica-slikarskega-tedna"],"_links":{"self":[{"href":"https:\/\/klemenb.bplaced.net\/01_SPDKOCNA\/wp-json\/wp\/v2\/posts\/476","targetHints":{"allow":["GET"]}}],"collection":[{"href":"https:\/\/klemenb.bplaced.net\/01_SPDKOCNA\/wp-json\/wp\/v2\/posts"}],"about":[{"href":"https:\/\/klemenb.bplaced.net\/01_SPDKOCNA\/wp-json\/wp\/v2\/types\/post"}],"author":[{"embeddable":true,"href":"https:\/\/klemenb.bplaced.net\/01_SPDKOCNA\/wp-json\/wp\/v2\/users\/1"}],"replies":[{"embeddable":true,"href":"https:\/\/klemenb.bplaced.net\/01_SPDKOCNA\/wp-json\/wp\/v2\/comments?post=476"}],"version-history":[{"count":6,"href":"https:\/\/klemenb.bplaced.net\/01_SPDKOCNA\/wp-json\/wp\/v2\/posts\/476\/revisions"}],"predecessor-version":[{"id":572,"href":"https:\/\/klemenb.bplaced.net\/01_SPDKOCNA\/wp-json\/wp\/v2\/posts\/476\/revisions\/572"}],"wp:attachment":[{"href":"https:\/\/klemenb.bplaced.net\/01_SPDKOCNA\/wp-json\/wp\/v2\/media?parent=476"}],"wp:term":[{"taxonomy":"category","embeddable":true,"href":"https:\/\/klemenb.bplaced.net\/01_SPDKOCNA\/wp-json\/wp\/v2\/categories?post=476"},{"taxonomy":"post_tag","embeddable":true,"href":"https:\/\/klemenb.bplaced.net\/01_SPDKOCNA\/wp-json\/wp\/v2\/tags?post=476"}],"curies":[{"name":"wp","href":"https:\/\/api.w.org\/{rel}","templated":true}]}}