{"id":31,"date":"2017-06-03T15:55:57","date_gmt":"2017-06-03T13:55:57","guid":{"rendered":"http:\/\/klemenb.bplaced.net\/01_SPDKOCNA\/?p=31"},"modified":"2019-07-09T07:22:23","modified_gmt":"2019-07-09T05:22:23","slug":"anfange","status":"publish","type":"post","link":"https:\/\/klemenb.bplaced.net\/01_SPDKOCNA\/de\/anfange\/","title":{"rendered":"Anf\u00e4nge"},"content":{"rendered":"<p><strong><span style=\"color: #000000;\">Aus der Geschichte des Slowenischen Kulturvereins KO\u010cNA<\/span><\/strong><\/p>\n<p><span style=\"color: #000000;\">Der Slowenische Kulturverein KO\u010cNA \/ Slovensko prosvetno dru\u0161tvo (SPD) KO\u010cNA z\u00e4hlt zu den \u00e4ltesten Institutionen der Gemeinde Feistritz im Rosental. Mit seinen vielf\u00e4ltigen Initiativen hat der Verein bewiesen, dass er sich trotz seiner hundertj\u00e4hrigen Tradition sehr viel Begeisterung f\u00fcr kulturelle Belange erhalten hat. Vereinsprotokolle, Pfarrchroniken, verschiedene Zeitungen, alte Fotos und Dokumente erz\u00e4hlen von einem abwechslungsreichen kulturellen Leben in der Vergangenheit. So k\u00f6nnen wir im ersten Vereinsprotokoll folgendes lesen (Original in slowenischer Sprache; \u00dcbersetzung von T. F.):<\/span><\/p>\n<p><em><span style=\"color: #000000;\">Gr\u00fcndungsversammlung des slowenischen Bildungsvereins Ko\u010dna in Suetschach<\/span><\/em><em><span style=\"color: #000000;\"><br \/>\n<\/span><span style=\"color: #000000;\">Am 29. August 1909 berief Hr. Gregor Pak eine Versammlung ein, mit dem Ansinnen, den obengenannten Verein zu gr\u00fcnden. Die Versammlung ging beim Adam vonstatten und war sehr gut besucht. Nachdem der Einberufer die Versammlung er\u00f6ffnet hatte, \u00fcbergab er nach kurzer Begr\u00fc\u00dfung Hw. Dr. Arnejc das Wort. Dieser sprach in seiner humorvoll-ernsten Rede \u00fcber die Notwendigkeit sich zu bilden und forderte das Volk auf, Junge wie Erwachsene m\u00f6gen dem Verein beitreten. Die Leute verfolgten seine Worte mit Interesse. Danach las der hiesige Kaplan Hw. Joso Rudl die Vereinsstatuten vor und erl\u00e4uterte sie. Dann fand die Einschreibung der Mitglieder statt, es traten 120 dem Verein bei, womit der slowenische christliche Bildungsverein Ko\u010dna in Suetschach gegr\u00fcndet war. In den Vorstand wurden folgende M\u00e4nner und Burschen gew\u00e4hlt:<\/span><\/em><br \/>\n<em><span style=\"color: #000000;\"> Obmann Gregor Pak, vlg. Tesnar,<\/span><\/em><br \/>\n<em><span style=\"color: #000000;\"> Obmannstellvertreter Gregor Juri\u010d, vlg. Polanc,<\/span><\/em><br \/>\n<em><span style=\"color: #000000;\"> Schriftf\u00fchrer Jakob Begu\u0161, Organist,<\/span><\/em><br \/>\n<em><span style=\"color: #000000;\"> Kassier Andrej Pak, Rupra\u010d in Oberkrajach,<\/span><\/em><br \/>\n<em><span style=\"color: #000000;\"> Bibliothekar Jo\u017eef Pak, Krznar in Suetschach,<\/span><\/em><br \/>\n<em><span style=\"color: #000000;\"> Stellvertreter Gregor Lindl, J. \u0160lajhar und Joso Rudl.<\/span><\/em><\/p>\n<div id=\"attachment_179\" style=\"width: 360px\" class=\"wp-caption aligncenter\"><img loading=\"lazy\" decoding=\"async\" aria-describedby=\"caption-attachment-179\" class=\"size-full wp-image-179\" src=\"https:\/\/klemenb.bplaced.net\/01_SPDKOCNA\/wp-content\/uploads\/2017\/06\/ge3_gross.gif\" alt=\"Suetschacher Tamburizza-Spieler (1909)\" width=\"350\" height=\"343\" \/><p id=\"caption-attachment-179\" class=\"wp-caption-text\">Suetschacher Tamburizza-Spieler (1909)<\/p><\/div>\n<p><span style=\"color: #000000;\">Der Verein Ko\u010dna nahm sich zuerst der Gr\u00fcndung einer Vereinsb\u00fccherei an, wobei es eine gro\u00dfe finanzielle Erleichterung war, dass der verstorbene Dekan Lambert Fer\u010dnik dem Kulturverein Ko\u010dna an die 300 B\u00fccher vermacht hatte. Ein weiterer Schwerpunkt war die Einf\u00fchrung eines sogenannten Sozialkurses, der zwei Mal w\u00f6chentlich stattfand und in welchem wirtschaftliche, soziale und nationale Fragen behandelt wurden. Au\u00dferdem gab es zu jener Zeit auch eine Tamburizzagruppe, f\u00fcr die Laienschauspieler wurde aus privaten Spenden eine B\u00fchne im Veranstaltungssaal des Gasthauses Adam gezimmert. Die erste Auff\u00fchrung hatte den Titel &#8222;Zamujeni vlak&#8220; (&#8222;Der vers\u00e4umte Zug&#8220;) und wurde am 2. Februar 1910 zum ersten Mal aufgef\u00fchrt. Bereits im M\u00e4rz desselben Jahres folgte die n\u00e4chste Auff\u00fchrung &#8222;Kmet Herod&#8220; (&#8222;Der Bauer Herodes&#8220;).\u00a0<\/span><\/p>\n<p><span style=\"color: #000000;\">In der ersten Zeit wurde bei Versammlungen viel \u00fcber Ziele und T\u00e4tigkeiten der Bildungsvereine gesprochen. So lesen wir im Sitzungsprotokoll vom 16. Mai 1910 unter anderem:\u00a0<\/span><\/p>\n<p><em><span style=\"color: #000000;\">Der slowenische christliche Bildungsverein &#8222;Ko\u010dna&#8220; berief am 5. Mai eine Versammlung ein, die geradewegs imposant war. Bei dieser Versammlung waren Menschen aus dem gesamten Rosental recht zahlreich vertreten.<\/span><\/em><\/p>\n<p><span style=\"color: #000000;\">Im Jahre 1910 kam es zu ersten \u00c4nderungen in der Vereinsf\u00fchrung. Zum neuen Obmann wurde Andrej Pak gew\u00e4hlt, die Bibliothek \u00fcbernahm Rezi Pak, vlg. Krznar. Zu dieser Zeit hatte der Verein die Zeitungen Mir, Slovenec, Na\u0161 dom, Mladost, Zlata doba und Bogoljub abonniert. In der Bibliothek gab es insgesamt 370 B\u00fccher, wovon an die 200 j\u00e4hrlich gelesen wurden. Im selben Jahr wurde f\u00fcr die Jugend der Turnverein &#8222;Orli&#8220;(&#8222;Adler&#8220;) gegr\u00fcndet.<\/span><\/p>\n<div id=\"attachment_178\" style=\"width: 360px\" class=\"wp-caption aligncenter\"><img loading=\"lazy\" decoding=\"async\" aria-describedby=\"caption-attachment-178\" class=\"size-full wp-image-178\" src=\"https:\/\/klemenb.bplaced.net\/01_SPDKOCNA\/wp-content\/uploads\/2017\/06\/ge2_gross.gif\" alt=\"Die Turnergruppe &quot;Orli&quot; (&quot;Adler&quot;)\" width=\"350\" height=\"166\" \/><p id=\"caption-attachment-178\" class=\"wp-caption-text\">Die Turnergruppe &#8222;Orli&#8220; (&#8222;Adler&#8220;)<\/p><\/div>\n<div id=\"attachment_34\" style=\"width: 360px\" class=\"wp-caption aligncenter\"><img loading=\"lazy\" decoding=\"async\" aria-describedby=\"caption-attachment-34\" class=\"size-full wp-image-34\" src=\"https:\/\/klemenb.bplaced.net\/01_SPDKOCNA\/wp-content\/uploads\/2017\/06\/ge1_gross.gif\" alt=\"Drei Suetschacher &quot;Adler&quot; (&quot;Orli&quot;): Gregor Ratz - Kura\u017e, Joza Pak - Keznar, Waldhauser Honza\" width=\"350\" height=\"213\" \/><p id=\"caption-attachment-34\" class=\"wp-caption-text\">Drei Suetschacher &#8222;Adler&#8220; (&#8222;Orli&#8220;): Gregor Ratz &#8211; Kura\u017e, Joza Pak &#8211; Keznar, Waldhauser Honza<\/p><\/div>\n","protected":false},"excerpt":{"rendered":"<p>Aus der Geschichte des Slowenischen Kulturvereins KO\u010cNA Der Slowenische Kulturverein KO\u010cNA \/ Slovensko prosvetno dru\u0161tvo (SPD) KO\u010cNA z\u00e4hlt zu den \u00e4ltesten Institutionen der Gemeinde Feistritz im Rosental. Mit seinen vielf\u00e4ltigen Initiativen hat der Verein bewiesen, dass er sich trotz seiner hundertj\u00e4hrigen Tradition sehr viel Begeisterung f\u00fcr kulturelle Belange erhalten hat. Vereinsprotokolle, Pfarrchroniken, verschiedene Zeitungen, alte&#8230;<\/p>\n","protected":false},"author":1,"featured_media":0,"comment_status":"closed","ping_status":"closed","sticky":false,"template":"","format":"standard","meta":{"footnotes":""},"categories":[29],"tags":[],"class_list":["post-31","post","type-post","status-publish","format-standard","hentry","category-geschichte"],"_links":{"self":[{"href":"https:\/\/klemenb.bplaced.net\/01_SPDKOCNA\/wp-json\/wp\/v2\/posts\/31","targetHints":{"allow":["GET"]}}],"collection":[{"href":"https:\/\/klemenb.bplaced.net\/01_SPDKOCNA\/wp-json\/wp\/v2\/posts"}],"about":[{"href":"https:\/\/klemenb.bplaced.net\/01_SPDKOCNA\/wp-json\/wp\/v2\/types\/post"}],"author":[{"embeddable":true,"href":"https:\/\/klemenb.bplaced.net\/01_SPDKOCNA\/wp-json\/wp\/v2\/users\/1"}],"replies":[{"embeddable":true,"href":"https:\/\/klemenb.bplaced.net\/01_SPDKOCNA\/wp-json\/wp\/v2\/comments?post=31"}],"version-history":[{"count":5,"href":"https:\/\/klemenb.bplaced.net\/01_SPDKOCNA\/wp-json\/wp\/v2\/posts\/31\/revisions"}],"predecessor-version":[{"id":208,"href":"https:\/\/klemenb.bplaced.net\/01_SPDKOCNA\/wp-json\/wp\/v2\/posts\/31\/revisions\/208"}],"wp:attachment":[{"href":"https:\/\/klemenb.bplaced.net\/01_SPDKOCNA\/wp-json\/wp\/v2\/media?parent=31"}],"wp:term":[{"taxonomy":"category","embeddable":true,"href":"https:\/\/klemenb.bplaced.net\/01_SPDKOCNA\/wp-json\/wp\/v2\/categories?post=31"},{"taxonomy":"post_tag","embeddable":true,"href":"https:\/\/klemenb.bplaced.net\/01_SPDKOCNA\/wp-json\/wp\/v2\/tags?post=31"}],"curies":[{"name":"wp","href":"https:\/\/api.w.org\/{rel}","templated":true}]}}