{"id":219,"date":"2017-06-26T21:08:49","date_gmt":"2017-06-26T19:08:49","guid":{"rendered":"http:\/\/klemenb.bplaced.net\/01_SPDKOCNA\/?p=219"},"modified":"2019-07-09T07:22:22","modified_gmt":"2019-07-09T05:22:22","slug":"galerie-gorse","status":"publish","type":"post","link":"https:\/\/klemenb.bplaced.net\/01_SPDKOCNA\/de\/galerie-gorse\/","title":{"rendered":"Galerie Gor\u0161e"},"content":{"rendered":"<p><strong><span style=\"color: #000000;\">Die Galerie Gor\u0161e und das Vrbnik-Anwesen<\/span><\/strong><\/p>\n<p><span style=\"color: #000000;\">Nach dem Tode des akademischen Bildhauers <\/span><br \/>\n<span style=\"color: #000000;\">Prof. France Gor\u0161e am 2. August 1986, ging die Galerie ins Eigentum des Slowenischen Kulturvereins &#8222;Ko\u010dna&#8220; \u00fcber. So wurde das alte Vrbnik-Haus zum Mittelpunkt der kulturellen Aktivit\u00e4ten des KV Ko\u010dna. Im unteren, gr\u00f6\u00dferen Raum, findet der Musikunterricht statt, ebenso wie Chorproben, Sitzungen, manchmal auch kleinere musikalische Auftritte. Das Atelier, in welchem der Bildhauer Gor\u0161e k\u00fcnstlerisch t\u00e4tig war, wurde vor Jahren renoviert, sodass es sich f\u00fcr kleinere Veranstaltungen (z.B. Ausstellungen, Nikolofeiern, verschiedene Kurse) bestens eignet. In den Garten des Vrbnik-Hauses stellte der K\u00fcnstler Stelen mit B\u00fcsten von K\u00e4rntner Kulturschaffenden, die sich f\u00fcr das kulturelle Wachstum der K\u00e4rntner Slowenen und die Erhaltung der slowenischen Kultur eingesetzt haben, wie z. B. &#8222;der Vater der K\u00e4rntner Slowenen&#8220; Andrej Einspieler, der Volksdichter Andrej Schuster (\u0160uster) Drabosnjak, die Dichterin Milka Hartmann, die Bisch\u00f6fe Modestus und Anton Martin Slom\u0161ek, der Komponist Pavle Kernjak und nicht zuletzt &#8211; in Bronze &#8211; das Autoportr\u00e4t des K\u00fcnstlers.<\/span><\/p>\n<p><span style=\"color: #000000;\">Alle diese B\u00fcsten mussten wegen der beginnenden Erosion des Kunststeins, aus dem sie gemei\u00dfelt sind, bereits restauriert werden. Diese Arbeit verrichtete der Laibacher Restaurator Prof. France Golob mit seinem Assistenten. Die Kosten der Restaurierung \u00fcbernahm die Republik Slowenien (Abteilung f\u00fcr Denkmalschutz und das Ethnographische Museum Ljubljana), der Kulturverein &#8222;Ko\u010dna&#8220; hatte f\u00fcr die Kosten der Schutzd\u00e4cher aus Kunststoff (Plexiglas) aufzukommen, mit deren Hilfe die B\u00fcsten gegen die Witterung gesch\u00fctzt werden.<\/span><\/p>\n<div id=\"attachment_223\" style=\"width: 482px\" class=\"wp-caption aligncenter\"><img loading=\"lazy\" decoding=\"async\" aria-describedby=\"caption-attachment-223\" class=\"size-full wp-image-223\" src=\"https:\/\/klemenb.bplaced.net\/01_SPDKOCNA\/wp-content\/uploads\/2017\/06\/galerija_gorse_svece_v.5500470_orf_2016.jpg\" alt=\"\" width=\"472\" height=\"354\" srcset=\"https:\/\/klemenb.bplaced.net\/01_SPDKOCNA\/wp-content\/uploads\/2017\/06\/galerija_gorse_svece_v.5500470_orf_2016.jpg 472w, https:\/\/klemenb.bplaced.net\/01_SPDKOCNA\/wp-content\/uploads\/2017\/06\/galerija_gorse_svece_v.5500470_orf_2016-300x225.jpg 300w\" sizes=\"auto, (max-width: 472px) 100vw, 472px\" \/><p id=\"caption-attachment-223\" class=\"wp-caption-text\">Galerie Gor\u0161e \u00a9ORF 2016<\/p><\/div>\n<p><span style=\"color: #000000;\">Eine Besonderheit stellt die Galerie dar, welche sich der K\u00fcnstler Gor\u0161e in der alten Scheune des Vrbnik-Hauses eingerichtet hat. In diesem Raum sind Arbeiten des Bildhauers, welche in Suetschach entstanden und hier geblieben sind, ausgestellt. Bis kurz vor seinem Tod war Gor\u0161e k\u00fcnstlerisch t\u00e4tig, am \u00f6ftesten arbeitete er mit Ton. Nachdem die Skulpturen gebrannt waren, patinierte er sie, womit er ihnen den gew\u00fcnschten Farbton gab. In der Galerie befinden sich auch einige Exponate in Bronze, Holz und in Walnussmasse (ore\u0161ec). Die st\u00e4ndige Ausstellung der Galerie Gor\u0161e ist das Ziel vieler Besucher bzw. Gruppen aus Slowenien, aus dem Triestiner K\u00fcstenland, aus G\u00f6rz\/Gorica, aus den USA, Kanada, Argentinien &#8211; etwas weniger aus \u00d6sterreich.<\/span><\/p>\n<p><em><span style=\"color: #000000;\">F\u00fcr eine fachkundige F\u00fchrung ist gesorgt. Informationen zu F\u00fchrungen gibt es unter unter 04228\/2066 (Fr. Inzko).<\/span><\/em><\/p>\n<p><span style=\"color: #000000;\">Viele Besucher sind Wallfahrer, die auch die Kirchen in Maria Elend, Maria Saal und in Suetschach besichtigen. Die Galerie wird auch f\u00fcr verschiedene kulturelle Veranstaltungen genutzt: f\u00fcr Konzerte, Musikauftritte von Sch\u00fclern der Slowenischen Musikschule, f\u00fcr Vortr\u00e4ge und nat\u00fcrlich auch f\u00fcr die feierliche Er\u00f6ffnung der Suetschacher Malerwoche. Wegen der guten Akustik und des einzigartigen Ambientes f\u00fchlen sich die Auftretenden immer sehr wohl. Deshalb will der Slowenische Kulturverein Ko\u010dna mit diesen Veranstaltungen in der Galerie weitermachen, und zwar in der Zeit, in der keine Heizung ben\u00f6tigt wird.<\/span><\/p>\n<p><span style=\"color: #000000;\">\u00a0<\/span><\/p>\n","protected":false},"excerpt":{"rendered":"<p>Die Galerie Gor\u0161e und das Vrbnik-Anwesen Nach dem Tode des akademischen Bildhauers Prof. France Gor\u0161e am 2. August 1986, ging die Galerie ins Eigentum des Slowenischen Kulturvereins &#8222;Ko\u010dna&#8220; \u00fcber. So wurde das alte Vrbnik-Haus zum Mittelpunkt der kulturellen Aktivit\u00e4ten des KV Ko\u010dna. Im unteren, gr\u00f6\u00dferen Raum, findet der Musikunterricht statt, ebenso wie Chorproben, Sitzungen, manchmal&#8230;<\/p>\n","protected":false},"author":1,"featured_media":0,"comment_status":"closed","ping_status":"closed","sticky":false,"template":"","format":"standard","meta":{"footnotes":""},"categories":[35],"tags":[],"class_list":["post-219","post","type-post","status-publish","format-standard","hentry","category-galerie"],"_links":{"self":[{"href":"https:\/\/klemenb.bplaced.net\/01_SPDKOCNA\/wp-json\/wp\/v2\/posts\/219","targetHints":{"allow":["GET"]}}],"collection":[{"href":"https:\/\/klemenb.bplaced.net\/01_SPDKOCNA\/wp-json\/wp\/v2\/posts"}],"about":[{"href":"https:\/\/klemenb.bplaced.net\/01_SPDKOCNA\/wp-json\/wp\/v2\/types\/post"}],"author":[{"embeddable":true,"href":"https:\/\/klemenb.bplaced.net\/01_SPDKOCNA\/wp-json\/wp\/v2\/users\/1"}],"replies":[{"embeddable":true,"href":"https:\/\/klemenb.bplaced.net\/01_SPDKOCNA\/wp-json\/wp\/v2\/comments?post=219"}],"version-history":[{"count":2,"href":"https:\/\/klemenb.bplaced.net\/01_SPDKOCNA\/wp-json\/wp\/v2\/posts\/219\/revisions"}],"predecessor-version":[{"id":224,"href":"https:\/\/klemenb.bplaced.net\/01_SPDKOCNA\/wp-json\/wp\/v2\/posts\/219\/revisions\/224"}],"wp:attachment":[{"href":"https:\/\/klemenb.bplaced.net\/01_SPDKOCNA\/wp-json\/wp\/v2\/media?parent=219"}],"wp:term":[{"taxonomy":"category","embeddable":true,"href":"https:\/\/klemenb.bplaced.net\/01_SPDKOCNA\/wp-json\/wp\/v2\/categories?post=219"},{"taxonomy":"post_tag","embeddable":true,"href":"https:\/\/klemenb.bplaced.net\/01_SPDKOCNA\/wp-json\/wp\/v2\/tags?post=219"}],"curies":[{"name":"wp","href":"https:\/\/api.w.org\/{rel}","templated":true}]}}