{"id":124,"date":"2017-06-05T12:02:21","date_gmt":"2017-06-05T10:02:21","guid":{"rendered":"http:\/\/klemenb.bplaced.net\/01_SPDKOCNA\/?p=124"},"modified":"2019-07-09T07:22:22","modified_gmt":"2019-07-09T05:22:22","slug":"pesem-koroske","status":"publish","type":"post","link":"https:\/\/klemenb.bplaced.net\/01_SPDKOCNA\/pesem-koroske\/","title":{"rendered":"Pesem Koro\u0161ke"},"content":{"rendered":"<p><span style=\"color: #000000;\">Leta 1979 je posnel Mo\u0161ki pevski zbor SPD Ko\u010dna pod vodstvom dr. Antona Feiniga kaseto PESEM KORO\u0160KE, ki vsebuje ve\u010dinoma koro\u0161ke ljudske pesmi v priredbah Kramolca, Adami\u010da, \u0160vikar\u0161i\u010da, Cigana, Kernjaka, Gobca, Nageleja, Marolta in Dojuka.<\/span><\/p>\n<div id=\"attachment_126\" style=\"width: 170px\" class=\"wp-caption aligncenter\"><img loading=\"lazy\" decoding=\"async\" aria-describedby=\"caption-attachment-126\" class=\"size-full wp-image-126\" src=\"https:\/\/klemenb.bplaced.net\/01_SPDKOCNA\/wp-content\/uploads\/2017\/06\/cd1.gif\" alt=\"\" width=\"160\" height=\"161\" \/><p id=\"caption-attachment-126\" class=\"wp-caption-text\">PESEM KORO\u0160KE<\/p><\/div>\n<p><span style=\"color: #000000;\">Ob 90-letnici Slovenskega prosvetnega dru\u0161tva Ko\u010dna so kaseto presneli na zgo\u0161\u010denko, ji dodali \u0161e Kernjakov ven\u010dek narodnih in izbolj\u0161ali tonsko kvaliteto. Pesmi, ki jih poje zbor, pripovedujejo o spominih na mladost, o sre\u010dni, pa tudi o nesre\u010dni ljubezni, o starih fantovskih obi\u010dajih, o zbiranju mladih fantov, o delih, ki so jih kmetje (&#8222;pavri&#8220;) opravljali ob razli\u010dnih letnih \u010dasih in ne nazadnje o veselem rojstvu, hkrati pa tudi o obupanosti nad lastnim \u017eivljenjem, o mislih na smrt.<\/span><\/p>\n<p><span style=\"color: #000000;\">Zgo\u0161\u010denka stane 15 evrov (brez po\u0161tnine) in jo lahko naro\u010dite pod naslovom: office@kocna.at.<\/span><\/p>\n<p><span style=\"color: #000000;\"><strong>Vsebina \/ Inhalt \/ Contents <\/strong><\/span><br \/>\n<span style=\"color: #000000;\">1. Kar v srce je mati dala (J. Alja\u017e &#8211; F. S. Fin\u017egar) <\/span><br \/>\n<span style=\"color: #000000;\">2. Pr\u0161va je ta ljuba v\u2032 hred (Narodna, priredil L. Kramolc) <\/span><br \/>\n<span style=\"color: #000000;\">3. Vu\u0161tnej\u0161a ja ni (Narodna, priredil E. Adami\u010d) <\/span><br \/>\n<span style=\"color: #000000;\">4. V\u2032hred\u2032\u010d (solist A. Feinig, narodna, priredil Z. \u0160vikar\u0161i\u010d) <\/span><br \/>\n<span style=\"color: #000000;\">5. Bom pa rut\u2032\u010d zorav (narodna, priredil F. Cigan) <\/span><br \/>\n<span style=\"color: #000000;\">6. Oj te mlinar (solist J. Zerzer, narodna, priredil Z. \u0160vikar\u0161i\u010d) <\/span><br \/>\n<span style=\"color: #000000;\">7. Burno jes hav\u017evam (narodna, priredil P. Kernjak) <\/span><br \/>\n<span style=\"color: #000000;\">8. Sem \u0161e mih\u2032n puob biv (narodna, priredil F. Cigan) <\/span><br \/>\n<span style=\"color: #000000;\">9. Je na Dravc\u2032 m\u2032hva (solist A. Feinig, M. Kernjak) <\/span><br \/>\n<span style=\"color: #000000;\">10. Mi smo mi (solista A. Feinig, J. Zerzer, ven\u010dek narodnih, priredil P. Kernjak) <\/span><br \/>\n<span style=\"color: #000000;\">11. Kadar Zila noj Drava (solist A. Feinig, narodna, priredil Z. \u0160vikar\u0161i\u010d) <\/span><br \/>\n<span style=\"color: #000000;\">12. Sem \u0161e mihna bva (narodna, priredil L. Kramolc) <\/span><br \/>\n<span style=\"color: #000000;\">13. Moja lubca je tamo v \u0160kuf\u010dah doma (solist J. Zerzer, M. Mi\u0161kulnik -R. Gobec) <\/span><br \/>\n<span style=\"color: #000000;\">14. O ti preburna \u017eenska stvar (narodna, priredil A. Nagele) <\/span><br \/>\n<span style=\"color: #000000;\">15. Mrzel veter tebe \u017eene (solist A. Feinig, sve\u0161ka priredba, besedilo Oro\u017een) <\/span><br \/>\n<span style=\"color: #000000;\">16. Mi smo se skupaj zbrali (narodna, priredil F. Marolt) <\/span><br \/>\n<span style=\"color: #000000;\">17. \u017de ro\u017ece po polju cvetejo (narodna, priredil M. Dojuk) <\/span><br \/>\n<span style=\"color: #000000;\">18. Zvezde (R. Gobec) <\/span><br \/>\n<span style=\"color: #000000;\">19. Saj n\u2032\u010di frajda ve\u010d na svi\u2032t\u2032 (narodna, priredil P. Kernjak) <\/span><br \/>\n<span style=\"color: #000000;\">20. Je biv an hospud Bebenav (solist A. Feinig, narodna, priredil P. Kernjak) <\/span><br \/>\n<span style=\"color: #000000;\">21. Pesem od rojstva (solist J. Zerzer, F. Leder-Lesi\u010djak, priredil L. Kramolc)<\/span><\/p>\n","protected":false},"excerpt":{"rendered":"<p>Leta 1979 je posnel Mo\u0161ki pevski zbor SPD Ko\u010dna pod vodstvom dr. Antona Feiniga kaseto PESEM KORO\u0160KE, ki vsebuje ve\u010dinoma koro\u0161ke ljudske pesmi v priredbah Kramolca, Adami\u010da, \u0160vikar\u0161i\u010da, Cigana, Kernjaka, Gobca, Nageleja, Marolta in Dojuka. Ob 90-letnici Slovenskega prosvetnega dru\u0161tva Ko\u010dna so kaseto presneli na zgo\u0161\u010denko, ji dodali \u0161e Kernjakov ven\u010dek narodnih in izbolj\u0161ali tonsko&#8230;<\/p>\n","protected":false},"author":1,"featured_media":0,"comment_status":"closed","ping_status":"closed","sticky":false,"template":"","format":"standard","meta":{"footnotes":""},"categories":[5],"tags":[],"class_list":["post-124","post","type-post","status-publish","format-standard","hentry","category-dejavnosti"],"_links":{"self":[{"href":"https:\/\/klemenb.bplaced.net\/01_SPDKOCNA\/wp-json\/wp\/v2\/posts\/124","targetHints":{"allow":["GET"]}}],"collection":[{"href":"https:\/\/klemenb.bplaced.net\/01_SPDKOCNA\/wp-json\/wp\/v2\/posts"}],"about":[{"href":"https:\/\/klemenb.bplaced.net\/01_SPDKOCNA\/wp-json\/wp\/v2\/types\/post"}],"author":[{"embeddable":true,"href":"https:\/\/klemenb.bplaced.net\/01_SPDKOCNA\/wp-json\/wp\/v2\/users\/1"}],"replies":[{"embeddable":true,"href":"https:\/\/klemenb.bplaced.net\/01_SPDKOCNA\/wp-json\/wp\/v2\/comments?post=124"}],"version-history":[{"count":2,"href":"https:\/\/klemenb.bplaced.net\/01_SPDKOCNA\/wp-json\/wp\/v2\/posts\/124\/revisions"}],"predecessor-version":[{"id":127,"href":"https:\/\/klemenb.bplaced.net\/01_SPDKOCNA\/wp-json\/wp\/v2\/posts\/124\/revisions\/127"}],"wp:attachment":[{"href":"https:\/\/klemenb.bplaced.net\/01_SPDKOCNA\/wp-json\/wp\/v2\/media?parent=124"}],"wp:term":[{"taxonomy":"category","embeddable":true,"href":"https:\/\/klemenb.bplaced.net\/01_SPDKOCNA\/wp-json\/wp\/v2\/categories?post=124"},{"taxonomy":"post_tag","embeddable":true,"href":"https:\/\/klemenb.bplaced.net\/01_SPDKOCNA\/wp-json\/wp\/v2\/tags?post=124"}],"curies":[{"name":"wp","href":"https:\/\/api.w.org\/{rel}","templated":true}]}}