{"id":119,"date":"2017-06-05T11:59:57","date_gmt":"2017-06-05T09:59:57","guid":{"rendered":"http:\/\/klemenb.bplaced.net\/01_SPDKOCNA\/?p=119"},"modified":"2019-07-09T07:22:22","modified_gmt":"2019-07-09T05:22:22","slug":"druzabnost","status":"publish","type":"post","link":"https:\/\/klemenb.bplaced.net\/01_SPDKOCNA\/druzabnost\/","title":{"rendered":"Dru\u017eabnost"},"content":{"rendered":"<p><span style=\"color: #000000;\"><strong>Dru\u017eabnost in izobra\u017eevanje<\/strong><\/span><\/p>\n<p><span style=\"color: #000000;\">Slovensko prosvetno dru\u0161tvo Ko\u010dna poleg Sve\u0161kih slikarskih tednov redno organizira prireditve, ki slu\u017eijo tako dru\u017eabnosti kot tudi izobra\u017eevanju. Tako prireja \u017ee nad dvajset let Pust s Ko\u010dno, kjer dru\u0161tveniki pripravijo svoj lasten pustni program z doma\u010do glasbo, plesom, ske\u010di, tombolo, sekt-barom in nagrajevanjem najbolj\u0161ih pustnih \u0161em.<\/span><\/p>\n<div id=\"attachment_120\" style=\"width: 170px\" class=\"wp-caption aligncenter\"><img loading=\"lazy\" decoding=\"async\" aria-describedby=\"caption-attachment-120\" class=\"size-full wp-image-120\" src=\"https:\/\/klemenb.bplaced.net\/01_SPDKOCNA\/wp-content\/uploads\/2017\/06\/dr1.gif\" alt=\"\" width=\"160\" height=\"109\" \/><p id=\"caption-attachment-120\" class=\"wp-caption-text\"><\/span> <span style=\"color: #000000;\">Izlet v Bene\u010dijo (1990)<\/span><\/p><\/div>\n<p><span style=\"color: #000000;\">Dru\u017eabnosti in izobra\u017eevanju pa lahko pri\u0161tevamo dru\u0161tvene ekskurzije, ki ponavadi vodijo v Slovenijo in bli\u017enjo Italijo. Ko\u010dna redno sodeluje pri tako imenovanih Ro\u017eanskih izobra\u017eevalnih tednih, zdaj imenovanih Kulturna vigred, z dvema ali pa tudi s tremi prireditvami (zdravstvena in izobra\u017eevalna predavanja, predstave za otroke). Poleg tega prireja tudi koncerte razli\u010dnih glasbenih zvrsti, ki se odvijajo bodisi v galeriji Gor\u0161e (poleti), bodisi v dvorani pri Adamu v Sve\u010dah. Od \u010dasa do \u010dasa priredi tudi kak klasi\u010den koncert v farni cerkvi (skupno s Faro Sve\u010de). Stalna to\u010dka je tudi vsakoletno Miklav\u017eevanje za otroke v Gor\u0161etovem ateljeju. K prizadevanjem dru\u0161tva sodijo \u0161e predavanja k raznovrstnim temam, predstavitve novih knjig in literarna branja slovenskih (ob\u010dasno tudi nem\u0161kih) avtorjev in ve\u010deri z raznimi zalo\u017ebami, ki izdajajo slovenske oz. dvojezi\u010dne knjige in sre\u010danja z umetniki.<\/span><\/p>\n<div id=\"attachment_121\" style=\"width: 170px\" class=\"wp-caption aligncenter\"><img loading=\"lazy\" decoding=\"async\" aria-describedby=\"caption-attachment-121\" class=\"size-full wp-image-121\" src=\"https:\/\/klemenb.bplaced.net\/01_SPDKOCNA\/wp-content\/uploads\/2017\/06\/dr2.gif\" alt=\"\" width=\"160\" height=\"107\" \/><p id=\"caption-attachment-121\" class=\"wp-caption-text\"><\/span> <span style=\"color: #000000;\">Skupna liturija:<\/span><br \/><span style=\"color: #000000;\">&#8222;Harmonija in Ko\u010dna&#8220; (1985)<\/span><\/p><\/div>\n<p><span style=\"color: #000000;\">Posebna skrb velja mladim slovensko govore\u010dim ljudem v ob\u010dini, katerim \u017eeli Slovensko prosvetno dru\u0161tvo Ko\u010dna v bodo\u010dnosti nuditi poseben program za urjenje jezika.<\/span><br \/>\n<span style=\"color: #000000;\"> Na\u010drtov in dela je dovolj, zato i\u0161\u010demo \u0161e ljudi, ki bi hoteli pomagati dru\u0161tvu pri svojih prizadevanjih. Torej, javite se pod naslovom: office@kocna.at<\/span><\/p>\n<div id=\"attachment_122\" style=\"width: 170px\" class=\"wp-caption aligncenter\"><img loading=\"lazy\" decoding=\"async\" aria-describedby=\"caption-attachment-122\" class=\"size-full wp-image-122\" src=\"https:\/\/klemenb.bplaced.net\/01_SPDKOCNA\/wp-content\/uploads\/2017\/06\/dr3.gif\" alt=\"\" width=\"160\" height=\"106\" \/><p id=\"caption-attachment-122\" class=\"wp-caption-text\"><\/span> <span style=\"color: #000000;\">Skupna pesem na<\/span><br \/><span style=\"color: #000000;\">dru\u0161tvenem pikniku, zadnji gostje<\/span><\/p><\/div>\n","protected":false},"excerpt":{"rendered":"<p>Dru\u017eabnost in izobra\u017eevanje Slovensko prosvetno dru\u0161tvo Ko\u010dna poleg Sve\u0161kih slikarskih tednov redno organizira prireditve, ki slu\u017eijo tako dru\u017eabnosti kot tudi izobra\u017eevanju. Tako prireja \u017ee nad dvajset let Pust s Ko\u010dno, kjer dru\u0161tveniki pripravijo svoj lasten pustni program z doma\u010do glasbo, plesom, ske\u010di, tombolo, sekt-barom in nagrajevanjem najbolj\u0161ih pustnih \u0161em. Dru\u017eabnosti in izobra\u017eevanju pa lahko pri\u0161tevamo&#8230;<\/p>\n","protected":false},"author":1,"featured_media":0,"comment_status":"closed","ping_status":"closed","sticky":false,"template":"","format":"standard","meta":{"footnotes":""},"categories":[5],"tags":[],"class_list":["post-119","post","type-post","status-publish","format-standard","hentry","category-dejavnosti"],"_links":{"self":[{"href":"https:\/\/klemenb.bplaced.net\/01_SPDKOCNA\/wp-json\/wp\/v2\/posts\/119","targetHints":{"allow":["GET"]}}],"collection":[{"href":"https:\/\/klemenb.bplaced.net\/01_SPDKOCNA\/wp-json\/wp\/v2\/posts"}],"about":[{"href":"https:\/\/klemenb.bplaced.net\/01_SPDKOCNA\/wp-json\/wp\/v2\/types\/post"}],"author":[{"embeddable":true,"href":"https:\/\/klemenb.bplaced.net\/01_SPDKOCNA\/wp-json\/wp\/v2\/users\/1"}],"replies":[{"embeddable":true,"href":"https:\/\/klemenb.bplaced.net\/01_SPDKOCNA\/wp-json\/wp\/v2\/comments?post=119"}],"version-history":[{"count":2,"href":"https:\/\/klemenb.bplaced.net\/01_SPDKOCNA\/wp-json\/wp\/v2\/posts\/119\/revisions"}],"predecessor-version":[{"id":137,"href":"https:\/\/klemenb.bplaced.net\/01_SPDKOCNA\/wp-json\/wp\/v2\/posts\/119\/revisions\/137"}],"wp:attachment":[{"href":"https:\/\/klemenb.bplaced.net\/01_SPDKOCNA\/wp-json\/wp\/v2\/media?parent=119"}],"wp:term":[{"taxonomy":"category","embeddable":true,"href":"https:\/\/klemenb.bplaced.net\/01_SPDKOCNA\/wp-json\/wp\/v2\/categories?post=119"},{"taxonomy":"post_tag","embeddable":true,"href":"https:\/\/klemenb.bplaced.net\/01_SPDKOCNA\/wp-json\/wp\/v2\/tags?post=119"}],"curies":[{"name":"wp","href":"https:\/\/api.w.org\/{rel}","templated":true}]}}