{"id":113,"date":"2017-06-05T11:49:02","date_gmt":"2017-06-05T09:49:02","guid":{"rendered":"http:\/\/klemenb.bplaced.net\/01_SPDKOCNA\/?p=113"},"modified":"2022-02-18T17:46:50","modified_gmt":"2022-02-18T16:46:50","slug":"slikarski-teden","status":"publish","type":"post","link":"https:\/\/klemenb.bplaced.net\/01_SPDKOCNA\/slikarski-teden\/","title":{"rendered":"Slikarski teden"},"content":{"rendered":"<p><span style=\"color: #000000;\"><strong>Sve\u0161ki slikarski tedni<\/strong><\/span><\/p>\n<p><span style=\"color: #000000;\">Leta 1981, za\u010detka septembra, je SPD &#8222;Ko\u010dna&#8220; pod predsednikom dr. Valentinom Inzkom prvi\u010d priredilo slikarski teden. Povabilo na to likovno kolonijo so sprejeli umetniki iz treh sosednjih alpe-jadranskih de\u017eel, saj so prihajali iz Slovenije, Italije in Avstrije z namenom skupno \u017eiveti in skupno ustvarjati v tej ju\u017enokoro\u0161ki dvojezi\u010dni vasi. Spoznavali so va\u0161\u010dane, va\u0161\u010dani pa so spoznavali umetnike, preko njih pa umetnost.<\/span><\/p>\n<p><span style=\"color: #000000;\">Prvi in drugi slikarski teden je mo\u010dno oblikoval s svojo impulzivno osebnostjo in prav tak\u0161no umetnostjo danes svetovno znani slikar Hans Staudacher. Ob ve\u010derih so skupaj z dru\u0161tveniki posedali in se poveselili, &#8222;pofajrali&#8220;, kot pravijo doma\u010dini, naslednji dan pa so nastala nepozabna in nepozabljena umetni\u0161ka dela.<\/span><br \/>\n<span style=\"color: #000000;\"> Sve\u0161ki slikarski teden je uspel s svojo idejo zdru\u017eevanja umetnosti, ljudi in umetnikov iz<\/span><br \/>\n<span style=\"color: #000000;\"> alpe-jadranskih de\u017eel oz. dr\u017eav, zato organizira SPD &#8222;Ko\u010dna&#8220; vse od leta 1981 naprej to umetni\u0161ko &#8211; kulturno sre\u010danje na vasi, saj je postal slikarski teden tradicionalna prireditev ob koncu poletja. Med tem ustvarjalnim tednom ponuja dru\u0161tvo bogat kulturni program, ki se ga udele\u017eujejo v glavnem slovensko- in nem\u0161ko govore\u010di od blizu in dale\u010d.<\/span><br \/>\n<span style=\"color: #000000;\"> Tako prireja dru\u0161tvo med slikarskim tednom koncerte razli\u010dnih glasbenih smeri, dru\u017eabna sre\u010danja, literarna branja, razna predavanja o umetni\u0161ko-strokovnih temah in seveda tudi prireditve za otroke. Da se lahko poskusi v umetni\u0161kem izra\u017eanju prav vsakdo, ki to \u017eeli, potekajo med tem tednom vedno te\u010daji, ponavadi lo\u010deno za odrasle in otroke, vodijo jih pa profesionalci-umetniki. Ob koncu tedna, v soboto zve\u010der, pa se predstavijo umetniki s svojimi novimi deli kot tudi te\u010dajniki s svojimi &#8222;umetninami&#8220;.<\/span><\/p>\n<p><span style=\"color: #000000;\">Tako je postal Sve\u0161ki slikarski teden pomemben dejavnik pri vzgoji \u010duta za umetnost publike- in \u0161tevilna stanovanja oz. hi\u0161e imajo namesto kak\u0161ne ki\u010daste reprodukcije na steni lep in kvaliteten umetni\u0161ki eksponat, o katerem ve lastnik tudi to, kdo ga je ustvaril. Po slikarskem tednu pozna Sve\u010de veliko ljudi tudi iz bolj oddaljenih krajev Koro\u0161ke, Slovenije, Furlanije-Julijske krajine, Veneta in tudi Avstrije, saj je postal stalnica v koro\u0161kem kulturnem dogajanju.<\/span><\/p>\n","protected":false},"excerpt":{"rendered":"<p>Sve\u0161ki slikarski tedni Leta 1981, za\u010detka septembra, je SPD &#8222;Ko\u010dna&#8220; pod predsednikom dr. Valentinom Inzkom prvi\u010d priredilo slikarski teden. Povabilo na to likovno kolonijo so sprejeli umetniki iz treh sosednjih alpe-jadranskih de\u017eel, saj so prihajali iz Slovenije, Italije in Avstrije z namenom skupno \u017eiveti in skupno ustvarjati v tej ju\u017enokoro\u0161ki dvojezi\u010dni vasi. Spoznavali so va\u0161\u010dane,&#8230;<\/p>\n","protected":false},"author":1,"featured_media":0,"comment_status":"closed","ping_status":"closed","sticky":false,"template":"","format":"standard","meta":{"footnotes":""},"categories":[5],"tags":[],"class_list":["post-113","post","type-post","status-publish","format-standard","hentry","category-dejavnosti"],"_links":{"self":[{"href":"https:\/\/klemenb.bplaced.net\/01_SPDKOCNA\/wp-json\/wp\/v2\/posts\/113","targetHints":{"allow":["GET"]}}],"collection":[{"href":"https:\/\/klemenb.bplaced.net\/01_SPDKOCNA\/wp-json\/wp\/v2\/posts"}],"about":[{"href":"https:\/\/klemenb.bplaced.net\/01_SPDKOCNA\/wp-json\/wp\/v2\/types\/post"}],"author":[{"embeddable":true,"href":"https:\/\/klemenb.bplaced.net\/01_SPDKOCNA\/wp-json\/wp\/v2\/users\/1"}],"replies":[{"embeddable":true,"href":"https:\/\/klemenb.bplaced.net\/01_SPDKOCNA\/wp-json\/wp\/v2\/comments?post=113"}],"version-history":[{"count":3,"href":"https:\/\/klemenb.bplaced.net\/01_SPDKOCNA\/wp-json\/wp\/v2\/posts\/113\/revisions"}],"predecessor-version":[{"id":662,"href":"https:\/\/klemenb.bplaced.net\/01_SPDKOCNA\/wp-json\/wp\/v2\/posts\/113\/revisions\/662"}],"wp:attachment":[{"href":"https:\/\/klemenb.bplaced.net\/01_SPDKOCNA\/wp-json\/wp\/v2\/media?parent=113"}],"wp:term":[{"taxonomy":"category","embeddable":true,"href":"https:\/\/klemenb.bplaced.net\/01_SPDKOCNA\/wp-json\/wp\/v2\/categories?post=113"},{"taxonomy":"post_tag","embeddable":true,"href":"https:\/\/klemenb.bplaced.net\/01_SPDKOCNA\/wp-json\/wp\/v2\/tags?post=113"}],"curies":[{"name":"wp","href":"https:\/\/api.w.org\/{rel}","templated":true}]}}