{"id":105,"date":"2017-06-05T11:23:08","date_gmt":"2017-06-05T09:23:08","guid":{"rendered":"http:\/\/klemenb.bplaced.net\/01_SPDKOCNA\/?p=105"},"modified":"2019-07-09T07:22:23","modified_gmt":"2019-07-09T05:22:23","slug":"galerija-gorse","status":"publish","type":"post","link":"https:\/\/klemenb.bplaced.net\/01_SPDKOCNA\/galerija-gorse\/","title":{"rendered":"Galerija Gor\u0161e"},"content":{"rendered":"<p><strong><span style=\"color: #000000;\">Galerija Gor\u0161e in Vrbnikova doma\u010dija<\/span><\/strong><\/p>\n<p><span style=\"color: #000000;\">Galerija Gor\u0161e se nahaja v Sve\u010dah (nem\u0161ko: Suetschach) na ju\u017enem Koro\u0161kem<\/span><br \/>\n<span style=\"color: #000000;\">(ob\u010dina Bistrica v Ro\u017eu \/ Feistritz im Rosental).<\/span><br \/>\n<span style=\"color: #000000;\">Leta 1973 je kupil akademski kipar France Gor\u0161e Vrbnikovo doma\u010dijo v Sve\u010dah, <\/span><br \/>\n<span style=\"color: #000000;\">kjer se je &#8211; 75-leten &#8211; za stalno naselil. <\/span><br \/>\n<span style=\"color: #000000;\">V nekdanjem hlevu si je umetnik uredil atelje, skedenj pa je spremenil v razstavni prostor za svoja v Sve\u010dah nastajajo\u010da dela. <\/span><br \/>\n<span style=\"color: #000000;\">Gor\u0161e je postal \u010dlan prosvetnega dru\u0161tva Ko\u010dna, s katerim je vsa &#8222;sve\u0161ka leta&#8220; tesno sodeloval. Leta 1980 je Gor\u0161e skupno z dru\u0161tvom Ko\u010dna predstavil javnosti <\/span><br \/>\n<span style=\"color: #000000;\">&#8222;Vrt slovenskih koro\u0161kih kulturnikov&#8220; pred Vrbnikovo hi\u0161o. <\/span><br \/>\n<span style=\"color: #000000;\">Po smrti akademskega kiparja profesorja Franceta Gor\u0161eta, dne 2. avgusta 1986, je postala Vrbnikova doma\u010dija z galerijo Gor\u0161e last Slovenskega prosvetnega dru\u0161tva Ko\u010dna, ki od tedaj naprej ohranja hi\u0161o, galerijo in vrt, prostore pa tudi uporablja za kulturne dejavnosti.<\/span><\/p>\n<div id=\"attachment_107\" style=\"width: 482px\" class=\"wp-caption aligncenter\"><img loading=\"lazy\" decoding=\"async\" aria-describedby=\"caption-attachment-107\" class=\"size-full wp-image-107\" src=\"https:\/\/klemenb.bplaced.net\/01_SPDKOCNA\/wp-content\/uploads\/2017\/06\/galerija_gorse_svece_v.5500470_orf_2016.jpg\" alt=\"\" width=\"472\" height=\"354\" srcset=\"https:\/\/klemenb.bplaced.net\/01_SPDKOCNA\/wp-content\/uploads\/2017\/06\/galerija_gorse_svece_v.5500470_orf_2016.jpg 472w, https:\/\/klemenb.bplaced.net\/01_SPDKOCNA\/wp-content\/uploads\/2017\/06\/galerija_gorse_svece_v.5500470_orf_2016-300x225.jpg 300w\" sizes=\"auto, (max-width: 472px) 100vw, 472px\" \/><p id=\"caption-attachment-107\" class=\"wp-caption-text\">Galerija Gor\u0161e \u00a9ORF 2016<\/p><\/div>\n<p><span style=\"color: #000000;\">Vrbnikova hi\u0161a se je tako spremenila v sredi\u0161\u010de kulturnega delovanja slovenskega prosvetnega dru\u0161tva Ko\u010dna. V spodnjem, ve\u010djem prostoru, v &#8220; \u0161i\u0161i &#8222;, se vr\u0161i pouk glasbene \u0161ole, tukaj so pevske vaje, sestanki, seje na\u0161ega dru\u0161tva, ve\u010dkrat pa tudi glasbeni nastopi.<\/span><br \/>\n<span style=\"color: #000000;\">Atelje, kjer je ustvarjal kipar Gor\u0161e, smo pred leti obnovili, zato je primeren za manj\u0161e razstave in te\u010daje za risanje ter za miklav\u017eevanje. Na Vrbnikov vrt je umetnik postavil stebre (stele) z glavami koro\u0161kih kulturnikov, ki so skrbeli za kulturno rast in ohranitev slovenstva. <\/span><br \/>\n<span style=\"color: #000000;\">Omenim samo nekatere : &#8220; o\u010deta koro\u0161kih Slovencev &#8222;, Andreja Einspielerja, bukovnika Andreja \u0160usterja Drabosnjaka, Milko Hartmanovo, \u0161kofa Modesta, Antona Martina Slom\u0161ka, Pavleja Kernjaka ter izredno lep kip v bronu, avtoportret umetnika. <\/span><br \/>\n<span style=\"color: #000000;\">Vsi kipi koro\u0161kih kulturnikov pa so morali biti \u017ee obnovljeni zaradi razpadanja umetnega kamna, iz katerega so izdelani. To delo je opravil restavrator prof. France Golob s pomo\u010dnikom iz Ljubljane. Stro\u0161ke restavracije je prevzela Republika Slovenija (Spomeni\u0161ko varstvo in Etnografski muzej iz Ljubljane), na\u0161e dru\u0161tvo pa je moralo poskrbeti za pla\u010dilo plasti\u010dnih stre\u0161ic, s katerimi smo za\u0161\u010ditili glave koro\u0161kih kulturnikov. Edinstvena je galerija, ki jo je ustvaril Gor\u0161e na starem Vrbnikovem skednju. V tem prostoru so razstavljena dela kiparja, ki so nastala in ostala v Sve\u010dah. Vse do svoje smrti je umetnik veliko ustvarjal, najve\u010d v glini. Ko so bile skulpture \u017egane, jih je patiniral in jim tako dal za\u017eeleno patino. V galeriji je tudi nekaj del v bronu, v lesu in v ore\u0161cu. Stalna razstava &#8211; galerija Gor\u0161e &#8211; je cilj mnogih obiskovalcev oz. skupin iz Slovenije, italijanske Primorske in Gori\u0161ke, iz ZDA, Kanade, Argentine &#8211; malo manj pa iz Avstrije. <\/span><br \/>\n<span style=\"color: #000000;\">Vedno je poskrbljeno za vodstvo, kjer dobijo obiskovalci potrebne informacije. <\/span><br \/>\n<span style=\"color: #000000;\">Informacije in vodstvo: 04228 \/2066 (ga. Marinka Inzko). <\/span><br \/>\n<span style=\"color: #000000;\">Velikokrat so obiskovalci romarji, ki si ogledajo tudi cerkve v Podgorjah, pri Gospe Sveti in v Sve\u010dah. Letno obi\u0161\u010dejo galerijo Gor\u0161e \u0161tevilni obiskovalci.<\/span><\/p>\n<p><span style=\"color: #000000;\">Galerija je postala v zadnjih letih \u0161e zanimivej\u0161a, ker smo jo za praznovanje 100-letnice rojstva umetnika Gor\u0161eta obnovili ob pomo\u010di Kr\u0161\u010danske kulturne zveze, Republike Slovenije, ob\u010dine Bistrica v Ro\u017eu in Urada zveznega kanclerja Republike Avstrije.<\/span><\/p>\n<p><span style=\"color: #000000;\">Galerija je postala v zadnjih letih zanimiva in zelo pripravna tudi za razne prireditve: za koncerte, nastope Glasbene \u0161ole, za predavanja in seveda za otvoritvene prireditve Sve\u0161kega slikarskega tedna. <\/span><br \/>\n<span style=\"color: #000000;\">Zaradi odli\u010dne akustike in edinstvenega ambienta se nastopajo\u010di zelo dobro po\u010dutijo. Zato bomo s takimi prireditvami nadaljevali, in sicer v \u010dasu, ko ne potrebujemo kurjave.<\/span><\/p>\n","protected":false},"excerpt":{"rendered":"<p>Galerija Gor\u0161e in Vrbnikova doma\u010dija Galerija Gor\u0161e se nahaja v Sve\u010dah (nem\u0161ko: Suetschach) na ju\u017enem Koro\u0161kem (ob\u010dina Bistrica v Ro\u017eu \/ Feistritz im Rosental). Leta 1973 je kupil akademski kipar France Gor\u0161e Vrbnikovo doma\u010dijo v Sve\u010dah, kjer se je &#8211; 75-leten &#8211; za stalno naselil. V nekdanjem hlevu si je umetnik uredil atelje, skedenj pa&#8230;<\/p>\n","protected":false},"author":1,"featured_media":0,"comment_status":"closed","ping_status":"closed","sticky":false,"template":"","format":"standard","meta":{"footnotes":""},"categories":[4],"tags":[],"class_list":["post-105","post","type-post","status-publish","format-standard","hentry","category-galerija"],"_links":{"self":[{"href":"https:\/\/klemenb.bplaced.net\/01_SPDKOCNA\/wp-json\/wp\/v2\/posts\/105","targetHints":{"allow":["GET"]}}],"collection":[{"href":"https:\/\/klemenb.bplaced.net\/01_SPDKOCNA\/wp-json\/wp\/v2\/posts"}],"about":[{"href":"https:\/\/klemenb.bplaced.net\/01_SPDKOCNA\/wp-json\/wp\/v2\/types\/post"}],"author":[{"embeddable":true,"href":"https:\/\/klemenb.bplaced.net\/01_SPDKOCNA\/wp-json\/wp\/v2\/users\/1"}],"replies":[{"embeddable":true,"href":"https:\/\/klemenb.bplaced.net\/01_SPDKOCNA\/wp-json\/wp\/v2\/comments?post=105"}],"version-history":[{"count":3,"href":"https:\/\/klemenb.bplaced.net\/01_SPDKOCNA\/wp-json\/wp\/v2\/posts\/105\/revisions"}],"predecessor-version":[{"id":109,"href":"https:\/\/klemenb.bplaced.net\/01_SPDKOCNA\/wp-json\/wp\/v2\/posts\/105\/revisions\/109"}],"wp:attachment":[{"href":"https:\/\/klemenb.bplaced.net\/01_SPDKOCNA\/wp-json\/wp\/v2\/media?parent=105"}],"wp:term":[{"taxonomy":"category","embeddable":true,"href":"https:\/\/klemenb.bplaced.net\/01_SPDKOCNA\/wp-json\/wp\/v2\/categories?post=105"},{"taxonomy":"post_tag","embeddable":true,"href":"https:\/\/klemenb.bplaced.net\/01_SPDKOCNA\/wp-json\/wp\/v2\/tags?post=105"}],"curies":[{"name":"wp","href":"https:\/\/api.w.org\/{rel}","templated":true}]}}